{"id":317,"date":"2018-03-28T17:05:00","date_gmt":"2018-03-28T17:05:00","guid":{"rendered":"http:\/\/www.swiattoli.pl\/?p=317"},"modified":"2020-02-07T12:39:29","modified_gmt":"2020-02-07T12:39:29","slug":"ja-jonasz-i-caa-reszta-wydawnictwo","status":"publish","type":"post","link":"http:\/\/www.swiattoli.pl\/?p=317","title":{"rendered":"Ja, Jonasz i ca\u0142a reszta Wydawnictwo Widnokr\u0105g recenzja"},"content":{"rendered":"<p><\/p>\n<div class=\"MsoNormal\" style=\"line-height: 150%; margin-bottom: .0001pt; margin-bottom: 0cm; text-align: justify;\">\n<span style=\"background: white; color: #1e1f23; font-family: &quot;arial&quot; , &quot;sans-serif&quot;; font-size: 14.0pt; line-height: 150%;\">Dzisiaj chc\u0119 Wam<br \/>\nnapisa\u0107 o ksi\u0105\u017cce, kt\u00f3r\u0105 uwa\u017cam za genialn\u0105, zar\u00f3wno do czytania przez i dla<br \/>\ndzieci, jak i doros\u0142ych. To historia o rodzinie Tobiasza, pi\u0119cioletniego<br \/>\nch\u0142opca, kt\u00f3ry opowiada o codziennym \u017cyciu swoim i bliskich. Tobiasz mieszka z<br \/>\nmam\u0105, tat\u0105 i m\u0142odszym bratem \u2013 Jonaszem w&nbsp;<span style=\"letter-spacing: -.25pt;\">mie\u015bcie Tartu w Estonii<\/span>.<\/span><span style=\"font-family: &quot;arial&quot; , sans-serif; font-size: 14pt; line-height: 150%;\"><\/span><\/div>\n<div class=\"MsoNormal\" style=\"line-height: 150%; margin-bottom: .0001pt; margin-bottom: 0cm; text-align: justify;\">\n<span style=\"font-family: &quot;arial&quot; , sans-serif; font-size: 14pt; line-height: 150%;\"><br \/><\/span><\/div>\n<div class=\"separator\" style=\"clear: both; text-align: center;\">\n<a href=\"http:\/\/www.swiattoli.pl\/wp-content\/uploads\/2018\/03\/29542851_10212765945355808_1348336611806082768_n.jpg\" imageanchor=\"1\" style=\"margin-left: 1em; margin-right: 1em;\"><img loading=\"lazy\" border=\"0\" data-original-height=\"800\" data-original-width=\"576\" height=\"640\" src=\"http:\/\/www.swiattoli.pl\/wp-content\/uploads\/2018\/03\/29542851_10212765945355808_1348336611806082768_n.jpg\" width=\"460\" \/><\/a><\/div>\n<div class=\"MsoNormal\" style=\"line-height: 150%; margin-bottom: .0001pt; margin-bottom: 0cm; text-align: justify;\">\n<\/div>\n<div class=\"MsoNormal\" style=\"line-height: 150%; margin-bottom: .0001pt; margin-bottom: 0cm; text-align: justify;\">\n<span style=\"background: white; color: #1e1f23; font-family: &quot;arial&quot; , &quot;sans-serif&quot;; font-size: 14.0pt; letter-spacing: -0.25pt; line-height: 150%;\">Ch\u0142opiec<br \/>\nopowiada z w\u0142asnej perspektywy, perspektywy pi\u0119cioletniego dziecka, kt\u00f3re<br \/>\npoznaje \u015bwiat i dokonuje w\u0142asnych obserwacji otoczenia. Opowiada o tym sk\u0105d<br \/>\nbior\u0105 si\u0119 ich rzeczy, jak si\u0119 w jego rodzinie czyta, rysuje, gotuje, je itd.<br \/>\nDla dzieci b\u0119dzie to \u015bwietna lektura, przedstawiaj\u0105ca \u015bwiat z ich perspektywy,<br \/>\nukazuj\u0105ca, \u017ce nie tylko oni maj\u0105 pewne problemy, w\u0105tpliwo\u015bci czy pytania,<br \/>\nporuszane s\u0105 r\u00f3wnie\u017c tematy trudne, kt\u00f3re przecie\u017c istniej\u0105 w normalnym<br \/>\n\u015bwiecie. R\u00f3wnie\u017c doro\u015bli mog\u0105 spojrze\u0107 na \u015bwiat oczami dziecka, zastanowi\u0107 si\u0119,<br \/>\nzrozumie\u0107.<\/span><span style=\"font-family: &quot;arial&quot; , sans-serif; font-size: 14pt; line-height: 150%;\"><\/span><\/div>\n<div class=\"MsoNormal\" style=\"line-height: 150%; margin-bottom: .0001pt; margin-bottom: 0cm; text-align: justify;\">\n<span style=\"font-family: &quot;arial&quot; , sans-serif; font-size: 14pt; line-height: 150%;\"><br \/><\/span><\/div>\n<div class=\"separator\" style=\"clear: both; text-align: center;\">\n<a href=\"http:\/\/www.swiattoli.pl\/wp-content\/uploads\/2018\/03\/29572673_10212765944875796_226640356625121266_n.jpg\" imageanchor=\"1\" style=\"margin-left: 1em; margin-right: 1em;\"><img loading=\"lazy\" border=\"0\" data-original-height=\"734\" data-original-width=\"716\" height=\"640\" src=\"http:\/\/www.swiattoli.pl\/wp-content\/uploads\/2018\/03\/29572673_10212765944875796_226640356625121266_n.jpg\" width=\"622\" \/><\/a><\/div>\n<div class=\"MsoNormal\" style=\"line-height: 150%; margin-bottom: .0001pt; margin-bottom: 0cm; text-align: justify;\">\n<\/div>\n<div class=\"MsoNormal\" style=\"line-height: 150%; margin-bottom: .0001pt; margin-bottom: 0cm; text-align: justify;\">\n<span style=\"background: white; color: #1e1f23; font-family: &quot;arial&quot; , &quot;sans-serif&quot;; font-size: 14.0pt; letter-spacing: -0.25pt; line-height: 150%;\">J\u0119zyk<br \/>\nksi\u0105\u017cki jest prosty i zrozumia\u0142y, bez wydumanych i g\u00f3rnolotnych stwierdze\u0144,<br \/>\ntaki \u0142atwo przyswajalny. Ksi\u0105\u017ck\u0119 czyta si\u0119 z ogromn\u0105 przyjemno\u015bci\u0105 i<br \/>\nzainteresowaniem.<\/span><span style=\"font-family: &quot;arial&quot; , sans-serif; font-size: 14pt; line-height: 150%;\"><\/span><\/div>\n<div class=\"MsoNormal\" style=\"line-height: 150%; margin-bottom: .0001pt; margin-bottom: 0cm; text-align: justify;\">\n<\/div>\n<div class=\"separator\" style=\"clear: both; text-align: center;\">\n<a href=\"http:\/\/www.swiattoli.pl\/wp-content\/uploads\/2018\/03\/29542045_10212765999597164_8661192459770853549_n.jpg\" imageanchor=\"1\" style=\"margin-left: 1em; margin-right: 1em;\"><img loading=\"lazy\" border=\"0\" data-original-height=\"800\" data-original-width=\"635\" height=\"640\" src=\"http:\/\/www.swiattoli.pl\/wp-content\/uploads\/2018\/03\/29542045_10212765999597164_8661192459770853549_n.jpg\" width=\"508\" \/><\/a><\/div>\n<div class=\"MsoNormal\" style=\"line-height: 150%; margin-bottom: .0001pt; margin-bottom: 0cm; text-align: justify;\">\n<span style=\"font-family: &quot;arial&quot; , sans-serif; font-size: 14pt; line-height: 150%;\"><br \/><\/span><\/div>\n<div class=\"MsoNormal\" style=\"line-height: 150%; margin-bottom: .0001pt; margin-bottom: 0cm; text-align: justify;\">\n<span style=\"background: white; color: #1e1f23; font-family: &quot;arial&quot; , sans-serif; font-size: 14pt; letter-spacing: -0.25pt; line-height: 150%;\">Dodatkowym<br \/>\natutem ksi\u0105\u017cki s\u0105 ilustracje wykonane przez&nbsp;<\/span><span style=\"background: white; color: #1e1f23; font-family: &quot;arial&quot; , sans-serif; font-size: 14pt; line-height: 150%;\">uznanego<br \/>\nilustratora Alvara Jaaksona.<\/span><\/div>\n<div class=\"MsoNormal\" style=\"line-height: 150%; margin-bottom: .0001pt; margin-bottom: 0cm; text-align: justify;\">\n<\/div>\n<div class=\"MsoNormal\" style=\"line-height: 18.0pt; margin-bottom: .0001pt; margin-bottom: 0cm; text-align: justify;\">\n<\/div>\n<div class=\"MsoNormal\" style=\"line-height: 150%; margin-bottom: .0001pt; margin-bottom: 0cm; text-align: justify;\">\n<span style=\"background: white; color: #1e1f23; font-family: &quot;arial&quot; , &quot;sans-serif&quot;; font-size: 14.0pt; line-height: 150%;\">Ksi\u0105\u017cka zosta\u0142a<br \/>\nnagrodzona m.in. tytu\u0142em \u201eRodzynek Roku&#8221; Esto\u0144skiego Centrum Literatury<br \/>\nDzieci\u0119cej przyznawanym najlepszym ksi\u0105\u017ckom dla dzieci.<\/span><span style=\"font-family: &quot;arial&quot; , sans-serif; font-size: 14pt; line-height: 150%;\">&nbsp;Otwiera ona zainicjowany przez wydawnictwo Widnokr\u0105g<\/span><span style=\"color: #1e1f23; font-family: &quot;arial&quot; , &quot;sans-serif&quot;; font-size: 14.0pt; line-height: 150%;\">&nbsp;<span style=\"background: white;\">projekt &#8222;Bliskie dalekie<br \/>\ns\u0105siedztwo&#8221; w&nbsp;ramach kt\u00f3rego uka\u017c\u0105 si\u0119 tytu\u0142y najlepszych esto\u0144skich<br \/>\ni&nbsp;fi\u0144skich autor\u00f3w, co da mo\u017cliwo\u015b\u0107 poznania Skandynawii, zwyczaj\u00f3w,<br \/>\nkultury oraz mieszka\u0144c\u00f3w.<\/span><\/span><span style=\"font-family: &quot;arial&quot; , sans-serif; font-size: 14pt; line-height: 150%;\"><\/span><\/div>\n<div class=\"MsoNormal\" style=\"line-height: 150%; margin-bottom: .0001pt; margin-bottom: 0cm; text-align: justify;\">\n<span style=\"color: #1e1f23; font-family: &quot;arial&quot; , &quot;sans-serif&quot;; font-size: 14.0pt; line-height: 150%;\"><span style=\"background: white;\"><br \/><\/span><\/span><\/div>\n<div class=\"separator\" style=\"clear: both; text-align: center;\">\n<a href=\"http:\/\/www.swiattoli.pl\/wp-content\/uploads\/2018\/03\/29542220_10212765944315782_5671057870903605967_n.jpg\" imageanchor=\"1\" style=\"margin-left: 1em; margin-right: 1em;\"><img loading=\"lazy\" border=\"0\" data-original-height=\"800\" data-original-width=\"574\" height=\"640\" src=\"http:\/\/www.swiattoli.pl\/wp-content\/uploads\/2018\/03\/29542220_10212765944315782_5671057870903605967_n.jpg\" width=\"454\" \/><\/a><\/div>\n<div class=\"separator\" style=\"clear: both; text-align: center;\">\n<\/div>\n<div class=\"separator\" style=\"clear: both; text-align: center;\">\n<span style=\"font-size: large;\"><a href=\"http:\/\/www.wydawnictwo-widnokrag.pl\/\" target=\"_blank\" rel=\"noopener noreferrer\">Wydawnictwo Widnokr\u0105g<\/a><\/span><\/div>\n<div class=\"separator\" style=\"clear: both; text-align: center;\">\n<a href=\"http:\/\/www.swiattoli.pl\/wp-content\/uploads\/2018\/03\/widnokrag-logo-regular.jpg\" imageanchor=\"1\" style=\"margin-left: 1em; margin-right: 1em;\"><img loading=\"lazy\" border=\"0\" data-original-height=\"767\" data-original-width=\"767\" height=\"320\" src=\"http:\/\/www.swiattoli.pl\/wp-content\/uploads\/2018\/03\/widnokrag-logo-regular.jpg\" width=\"320\" \/><\/a><\/div>\n<div class=\"separator\" style=\"clear: both; text-align: center;\">\n<\/div>\n","protected":false},"excerpt":{"rendered":"<p>Dzisiaj chc\u0119 Wam napisa\u0107 o ksi\u0105\u017cce, kt\u00f3r\u0105 uwa\u017cam za genialn\u0105, zar\u00f3wno do czytania przez i dla dzieci, jak i doros\u0142ych. To historia o rodzinie Tobiasza, pi\u0119cioletniego ch\u0142opca, kt\u00f3ry opowiada o codziennym \u017cyciu swoim i bliskich. Tobiasz mieszka z mam\u0105, tat\u0105 i m\u0142odszym bratem \u2013 Jonaszem w&nbsp;mie\u015bcie Tartu w Estonii. Ch\u0142opiec opowiada z w\u0142asnej perspektywy, perspektywy &hellip;<\/p>\n","protected":false},"author":2,"featured_media":0,"comment_status":"open","ping_status":"open","sticky":false,"template":"","format":"standard","meta":[],"categories":[8,2,3,4,1],"tags":[],"_links":{"self":[{"href":"http:\/\/www.swiattoli.pl\/index.php?rest_route=\/wp\/v2\/posts\/317"}],"collection":[{"href":"http:\/\/www.swiattoli.pl\/index.php?rest_route=\/wp\/v2\/posts"}],"about":[{"href":"http:\/\/www.swiattoli.pl\/index.php?rest_route=\/wp\/v2\/types\/post"}],"author":[{"embeddable":true,"href":"http:\/\/www.swiattoli.pl\/index.php?rest_route=\/wp\/v2\/users\/2"}],"replies":[{"embeddable":true,"href":"http:\/\/www.swiattoli.pl\/index.php?rest_route=%2Fwp%2Fv2%2Fcomments&post=317"}],"version-history":[{"count":1,"href":"http:\/\/www.swiattoli.pl\/index.php?rest_route=\/wp\/v2\/posts\/317\/revisions"}],"predecessor-version":[{"id":2573,"href":"http:\/\/www.swiattoli.pl\/index.php?rest_route=\/wp\/v2\/posts\/317\/revisions\/2573"}],"wp:attachment":[{"href":"http:\/\/www.swiattoli.pl\/index.php?rest_route=%2Fwp%2Fv2%2Fmedia&parent=317"}],"wp:term":[{"taxonomy":"category","embeddable":true,"href":"http:\/\/www.swiattoli.pl\/index.php?rest_route=%2Fwp%2Fv2%2Fcategories&post=317"},{"taxonomy":"post_tag","embeddable":true,"href":"http:\/\/www.swiattoli.pl\/index.php?rest_route=%2Fwp%2Fv2%2Ftags&post=317"}],"curies":[{"name":"wp","href":"https:\/\/api.w.org\/{rel}","templated":true}]}}