{"id":314,"date":"2018-04-05T17:48:00","date_gmt":"2018-04-05T17:48:00","guid":{"rendered":"http:\/\/www.swiattoli.pl\/?p=314"},"modified":"2020-02-07T12:39:37","modified_gmt":"2020-02-07T12:39:37","slug":"dom-babci-wydawnictwo-czytam-recenzja","status":"publish","type":"post","link":"http:\/\/www.swiattoli.pl\/?p=314","title":{"rendered":"Dom Babci Wydawnictwo CzyTam recenzja"},"content":{"rendered":"<p><\/p>\n<div class=\"MsoNormal\" style=\"line-height: 150%; margin-bottom: .0001pt; margin-bottom: 0cm; text-align: justify;\">\n<span style=\"background: #f9f9f9; color: black; font-family: &quot;times new roman&quot; , &quot;serif&quot;; font-size: 14.0pt; line-height: 150%;\">Dom<br \/>\nbabci, to ksi\u0105\u017cka, kt\u00f3ra zwr\u00f3ci\u0142a moj\u0105 uwag\u0119, bo jest nietypowa, niecodzienna,<br \/>\ngdy\u017c porusza ona problem radzenia sobie ze strat\u0105 kogo\u015b bliskiego.<\/span><span style=\"color: black; font-family: &quot;times new roman&quot; , &quot;serif&quot;; font-size: 14.0pt; line-height: 150%;\">&nbsp;<\/span><span style=\"font-family: &quot;times new roman&quot; , serif; font-size: 14pt;\">W codziennym \u017cyciu borykamy si\u0119 z licznymi, trudnymi sytuacjami.<br \/>\nDziecko, kt\u00f3re jeszcze nie pozna\u0142o \u015bwiata, nie zawsze mo\u017ce sobie radzi\u0107 z<br \/>\ntrudno\u015bciami, z tak\u0105 swobod\u0105 jak my doro\u015bli, musi zrozumie\u0107 w\u0142asne emocje i nauczy\u0107 si\u0119<br \/>\nnimi kierowa\u0107. Najlepszym na to sposobem s\u0105 m\u0105dre ksi\u0105\u017cki i o takiej m\u0105drej<br \/>\nksi\u0105\u017cce w\u0142a\u015bnie tutaj pisz\u0119.<\/span><\/div>\n<div class=\"MsoNormal\" style=\"line-height: 150%; margin-bottom: .0001pt; margin-bottom: 0cm; text-align: justify;\">\n<\/div>\n<div class=\"separator\" style=\"clear: both; text-align: center;\">\n<a href=\"http:\/\/www.swiattoli.pl\/wp-content\/uploads\/2018\/04\/29695453_10212814088399354_6974110809169656469_n.jpg\" imageanchor=\"1\" style=\"margin-left: 1em; margin-right: 1em;\"><img loading=\"lazy\" border=\"0\" data-original-height=\"670\" data-original-width=\"650\" height=\"640\" src=\"http:\/\/www.swiattoli.pl\/wp-content\/uploads\/2018\/04\/29695453_10212814088399354_6974110809169656469_n.jpg\" width=\"620\" \/><\/a><\/div>\n<div class=\"MsoNormal\" style=\"line-height: 150%; margin-bottom: .0001pt; margin-bottom: 0cm; text-align: justify;\">\n<span style=\"color: black; font-family: &quot;times new roman&quot; , &quot;serif&quot;; font-size: 14.0pt; line-height: 150%;\"><br \/><\/span><\/div>\n<div class=\"MsoNormal\" style=\"line-height: 150%; margin-bottom: .0001pt; margin-bottom: 0cm; text-align: justify;\">\n<span style=\"color: black; font-family: &quot;times new roman&quot; , &quot;serif&quot;; font-size: 14.0pt; line-height: 150%;\">To historia ch\u0142opca i jego<br \/>\nbabci, kt\u00f3rzy byli z sob\u0105 z\u017cyci, ale jak to w \u017cyciu bywa, czas up\u0142ywa\u0142, a<br \/>\nbabcia niedo\u0142\u0119\u017cnia\u0142a i pewnego dnia jej zabrak\u0142o. Cho\u0107 mo\u017ce tak si\u0119 wydaje,<br \/>\nhistoria ta wcale nie jest smutna, a wr\u0119cz przeciwnie, podnosi na duchu i<br \/>\ndodaje otuchy. To ksi\u0105\u017cka wype\u0142niona ukrytymi znaczeniami i przeno\u015bniami.<br \/>\nOpowiada ona histori\u0119 t\u0119sknoty ch\u0142opca za babci\u0105, jest bardzo emocjonalna. <\/span><\/div>\n<div class=\"MsoNormal\" style=\"line-height: 150%; margin-bottom: .0001pt; margin-bottom: 0cm; text-align: justify;\">\n<span style=\"color: black; font-family: &quot;times new roman&quot; , &quot;serif&quot;; font-size: 14.0pt; line-height: 150%;\"><br \/><\/span><\/div>\n<div class=\"separator\" style=\"clear: both; text-align: center;\">\n<a href=\"http:\/\/www.swiattoli.pl\/wp-content\/uploads\/2018\/04\/30123831_10212821922835210_149147171759849472_n.jpg\" imageanchor=\"1\" style=\"margin-left: 1em; margin-right: 1em;\"><img loading=\"lazy\" border=\"0\" data-original-height=\"600\" data-original-width=\"800\" height=\"480\" src=\"http:\/\/www.swiattoli.pl\/wp-content\/uploads\/2018\/04\/30123831_10212821922835210_149147171759849472_n.jpg\" width=\"640\" \/><\/a><\/div>\n<div class=\"MsoNormal\" style=\"line-height: 150%; margin-bottom: .0001pt; margin-bottom: 0cm; text-align: justify;\">\n<\/div>\n<div class=\"separator\" style=\"clear: both; text-align: center;\">\n<a href=\"http:\/\/www.swiattoli.pl\/wp-content\/uploads\/2018\/04\/30127395_10212821922395199_3147515853151404032_n.jpg\" imageanchor=\"1\" style=\"margin-left: 1em; margin-right: 1em;\"><img loading=\"lazy\" border=\"0\" data-original-height=\"800\" data-original-width=\"600\" height=\"640\" src=\"http:\/\/www.swiattoli.pl\/wp-content\/uploads\/2018\/04\/30127395_10212821922395199_3147515853151404032_n.jpg\" width=\"480\" \/><\/a><\/div>\n<div class=\"MsoNormal\" style=\"line-height: 150%; margin-bottom: .0001pt; margin-bottom: 0cm; text-align: justify;\">\n<span style=\"color: black; font-family: &quot;times new roman&quot; , &quot;serif&quot;; font-size: 14.0pt; line-height: 150%;\"><br \/><\/span><\/div>\n<div class=\"MsoNormal\" style=\"line-height: 150%; margin-bottom: .0001pt; margin-bottom: 0cm; text-align: justify;\">\n<span style=\"font-family: &quot;times new roman&quot; , &quot;serif&quot;; font-size: 14.0pt; line-height: 150%;\">Babcia by\u0142a architektem, budowa\u0142a <span style=\"background: white; mso-bidi-font-style: italic;\">najwy\u017csze wie\u017cowce,<br \/>\nnajpi\u0119kniejsze pa\u0142ace oraz muzea i biblioteki wi\u0119ksze ni\u017c miasteczka <\/span>ale<br \/>\njej marzeniem by\u0142o wybudowanie <span style=\"color: black;\">najwi\u0119kszego budynku.<br \/>\nMia\u0142 on stan\u0105\u0107 na wzg\u00f3rzu, gdzie chcia\u0142a zamieszka\u0107 z wnukiem. Gdy odesz\u0142a,<br \/>\npozosta\u0142y tylko plany wsp\u00f3lnej budowli. To w\u0142a\u015bnie na ich podstawie ch\u0142opiec<br \/>\nbuduje co\u015b na kszta\u0142t babci. Uko\u0144czona przez niego budowla o\u017cywa i wiedzie go,<br \/>\ndo oddalonego miejsca, w kt\u00f3rym rozpocz\u0119\u0142a budow\u0119 domu dla ch\u0142opca. Mimo i\u017c<br \/>\nch\u0142opiec widzi, \u017ce dom nie jest sko\u0144czony, babcia m\u00f3wi mu, \u017ce to w\u0142a\u015bnie on go<br \/>\nsko\u0144czy\u0142. <\/span><\/span><\/div>\n<div class=\"MsoNormal\" style=\"line-height: 150%; margin-bottom: .0001pt; margin-bottom: 0cm; text-align: justify;\">\n<span style=\"font-family: &quot;times new roman&quot; , &quot;serif&quot;; font-size: 14.0pt; line-height: 150%;\"><span style=\"color: black;\"><br \/><\/span><\/span><\/div>\n<div class=\"separator\" style=\"clear: both; text-align: center;\">\n<a href=\"http:\/\/www.swiattoli.pl\/wp-content\/uploads\/2018\/04\/29790760_10212821921915187_717832946630787072_n.jpg\" imageanchor=\"1\" style=\"margin-left: 1em; margin-right: 1em;\"><img loading=\"lazy\" border=\"0\" data-original-height=\"600\" data-original-width=\"800\" height=\"480\" src=\"http:\/\/www.swiattoli.pl\/wp-content\/uploads\/2018\/04\/29790760_10212821921915187_717832946630787072_n.jpg\" width=\"640\" \/><\/a><\/div>\n<p><\/p>\n<div class=\"separator\" style=\"clear: both; text-align: center;\">\n<a href=\"http:\/\/www.swiattoli.pl\/wp-content\/uploads\/2018\/04\/29792199_10212821920275146_1980723579863433216_n.jpg\" imageanchor=\"1\" style=\"margin-left: 1em; margin-right: 1em;\"><img loading=\"lazy\" border=\"0\" data-original-height=\"800\" data-original-width=\"569\" height=\"640\" src=\"http:\/\/www.swiattoli.pl\/wp-content\/uploads\/2018\/04\/29792199_10212821920275146_1980723579863433216_n.jpg\" width=\"450\" \/><\/a><\/div>\n<div class=\"MsoNormal\" style=\"line-height: 150%; margin-bottom: .0001pt; margin-bottom: 0cm; text-align: justify;\">\n<\/div>\n<div class=\"MsoNormal\" style=\"line-height: 150%; margin-bottom: .0001pt; margin-bottom: 0cm; text-align: justify;\">\n<span style=\"color: black; font-family: &quot;times new roman&quot; , &quot;serif&quot;; font-size: 14.0pt; line-height: 150%;\">To bardzo emocjonalna<br \/>\nksi\u0105\u017cka, pobudzaj\u0105ca nasz\u0105 wewn\u0119trzn\u0105 nut\u0119 emocji. Mo\u017ce dla dziecka b\u0119dzie<br \/>\ntrudnym odnalezienie metafor ale na pewno poczuje to, czego chce autor. To<br \/>\nopowie\u015b\u0107 magiczna, gdzie sen miesza si\u0119 z jaw\u0105. <\/span><\/div>\n<div class=\"MsoNormal\" style=\"line-height: 150%; margin-bottom: .0001pt; margin-bottom: 0cm; text-align: justify;\">\n<\/div>\n<div class=\"separator\" style=\"clear: both; text-align: center;\">\n<a href=\"http:\/\/www.swiattoli.pl\/wp-content\/uploads\/2018\/04\/30226395_10212821921595179_264912075283759104_n.jpg\" imageanchor=\"1\" style=\"margin-left: 1em; margin-right: 1em;\"><img loading=\"lazy\" border=\"0\" data-original-height=\"800\" data-original-width=\"519\" height=\"640\" src=\"http:\/\/www.swiattoli.pl\/wp-content\/uploads\/2018\/04\/30226395_10212821921595179_264912075283759104_n.jpg\" width=\"410\" \/><\/a><\/div>\n<div class=\"MsoNormal\" style=\"line-height: 150%; margin-bottom: .0001pt; margin-bottom: 0cm; text-align: justify;\">\n<span style=\"color: black; font-family: &quot;times new roman&quot; , &quot;serif&quot;; font-size: 14.0pt; line-height: 150%;\"><br \/><\/span><\/div>\n<div class=\"MsoNormal\" style=\"line-height: 150%; margin-bottom: .0001pt; margin-bottom: 0cm; text-align: justify;\">\n<span style=\"color: black; font-family: &quot;times new roman&quot; , &quot;serif&quot;; font-size: 14.0pt; line-height: 150%;\">To pierwsza ksi\u0105\u017cka z jak\u0105<br \/>\nsi\u0119 zetkn\u0119\u0142am, oswajaj\u0105ca dzieci z tematem przemijania i \u015bmierci. Nie nale\u017cy<br \/>\nb\u0142\u0119dnie odbiera\u0107, \u017ce to ksi\u0105\u017cka tylko dla tych, kt\u00f3rzy stracili swoich<br \/>\nbliskich. To ksi\u0105\u017cka dla ka\u017cdego, kt\u00f3ra porusza temat trudny, ale mog\u0105cy nas<br \/>\ndotkn\u0105\u0107.<\/span><\/div>\n<div class=\"MsoNormal\" style=\"line-height: 150%; margin-bottom: .0001pt; margin-bottom: 0cm; text-align: justify;\">\n<span style=\"color: black; font-family: &quot;times new roman&quot; , &quot;serif&quot;; font-size: 14.0pt; line-height: 150%;\"><br \/><\/span><\/div>\n<div class=\"MsoNormal\" style=\"line-height: 150%; margin-bottom: .0001pt; margin-bottom: 0cm; text-align: justify;\">\n<span style=\"font-family: &quot;times new roman&quot; , serif; font-size: 14pt; line-height: 150%;\">Dodatkowym atutem s\u0105 pi\u0119kne<br \/>\nilustracje, tak samo bajeczne i cudowne jak sama tre\u015b\u0107 ksi\u0105\u017cki.<\/span><\/div>\n<p><i><br \/><\/i><\/p>\n<div style=\"background-color: white; font-family: Arial, Tahoma, Helvetica, FreeSans, sans-serif; font-size: 13.2px; text-align: center;\">\n<span style=\"font-size: medium;\"><i>Dom babci<\/i><\/span><\/div>\n<div style=\"background-color: white; font-family: Arial, Tahoma, Helvetica, FreeSans, sans-serif; font-size: 13.2px; text-align: center;\">\n<span style=\"font-size: medium;\"><i>Ross Montgomery<\/i><\/span><\/div>\n<div style=\"background-color: white; font-family: Arial, Tahoma, Helvetica, FreeSans, sans-serif; font-size: 13.2px; text-align: center;\">\n<span style=\"font-size: medium;\"><i>ilustracje David Litchfield<\/i><\/span><\/div>\n<div style=\"background-color: white; font-family: Arial, Tahoma, Helvetica, FreeSans, sans-serif; font-size: 13.2px; text-align: center;\">\n<span style=\"font-size: medium;\"><i>t\u0142umaczenie Patrycja Zarawska<\/i><\/span><\/div>\n<div style=\"background-color: white; font-family: Arial, Tahoma, Helvetica, FreeSans, sans-serif; font-size: 13.2px; text-align: center;\">\n<span style=\"font-size: medium;\"><i>Wydawnictwo CzyTam, 2017<\/i><\/span><\/div>\n<div style=\"background-color: white; font-family: Arial, Tahoma, Helvetica, FreeSans, sans-serif; font-size: 13.2px; text-align: center;\">\n<span style=\"font-size: medium;\"><i><br \/><\/i><\/span><\/div>\n<div class=\"separator\" style=\"clear: both; text-align: center;\">\n<a href=\"https:\/\/3.bp.blogspot.com\/-lejAGwcUtbU\/WsZg4nlUQqI\/AAAAAAAAEYY\/U61NSxInatswqSHlvJDxhkP-hZRx8oZhACLcBGAs\/s1600\/czy-tam.png\" imageanchor=\"1\" style=\"margin-left: 1em; margin-right: 1em;\"><img loading=\"lazy\" border=\"0\" data-original-height=\"288\" data-original-width=\"300\" height=\"190\" src=\"http:\/\/www.swiattoli.pl\/wp-content\/uploads\/2018\/04\/czy-tam.png\" width=\"200\" \/><\/a><\/div>\n","protected":false},"excerpt":{"rendered":"<p>Dom babci, to ksi\u0105\u017cka, kt\u00f3ra zwr\u00f3ci\u0142a moj\u0105 uwag\u0119, bo jest nietypowa, niecodzienna, gdy\u017c porusza ona problem radzenia sobie ze strat\u0105 kogo\u015b bliskiego.&nbsp;W codziennym \u017cyciu borykamy si\u0119 z licznymi, trudnymi sytuacjami. Dziecko, kt\u00f3re jeszcze nie pozna\u0142o \u015bwiata, nie zawsze mo\u017ce sobie radzi\u0107 z trudno\u015bciami, z tak\u0105 swobod\u0105 jak my doro\u015bli, musi zrozumie\u0107 w\u0142asne emocje i nauczy\u0107 &hellip;<\/p>\n","protected":false},"author":2,"featured_media":0,"comment_status":"open","ping_status":"open","sticky":false,"template":"","format":"standard","meta":[],"categories":[8,2,3,4,1],"tags":[],"_links":{"self":[{"href":"http:\/\/www.swiattoli.pl\/index.php?rest_route=\/wp\/v2\/posts\/314"}],"collection":[{"href":"http:\/\/www.swiattoli.pl\/index.php?rest_route=\/wp\/v2\/posts"}],"about":[{"href":"http:\/\/www.swiattoli.pl\/index.php?rest_route=\/wp\/v2\/types\/post"}],"author":[{"embeddable":true,"href":"http:\/\/www.swiattoli.pl\/index.php?rest_route=\/wp\/v2\/users\/2"}],"replies":[{"embeddable":true,"href":"http:\/\/www.swiattoli.pl\/index.php?rest_route=%2Fwp%2Fv2%2Fcomments&post=314"}],"version-history":[{"count":1,"href":"http:\/\/www.swiattoli.pl\/index.php?rest_route=\/wp\/v2\/posts\/314\/revisions"}],"predecessor-version":[{"id":2589,"href":"http:\/\/www.swiattoli.pl\/index.php?rest_route=\/wp\/v2\/posts\/314\/revisions\/2589"}],"wp:attachment":[{"href":"http:\/\/www.swiattoli.pl\/index.php?rest_route=%2Fwp%2Fv2%2Fmedia&parent=314"}],"wp:term":[{"taxonomy":"category","embeddable":true,"href":"http:\/\/www.swiattoli.pl\/index.php?rest_route=%2Fwp%2Fv2%2Fcategories&post=314"},{"taxonomy":"post_tag","embeddable":true,"href":"http:\/\/www.swiattoli.pl\/index.php?rest_route=%2Fwp%2Fv2%2Ftags&post=314"}],"curies":[{"name":"wp","href":"https:\/\/api.w.org\/{rel}","templated":true}]}}