{"id":290,"date":"2018-06-08T06:00:00","date_gmt":"2018-06-08T06:00:00","guid":{"rendered":"http:\/\/www.swiattoli.pl\/?p=290"},"modified":"2020-02-07T12:40:59","modified_gmt":"2020-02-07T12:40:59","slug":"jas-i-pusia-w-przedszkolu-wydawnictwo","status":"publish","type":"post","link":"http:\/\/www.swiattoli.pl\/?p=290","title":{"rendered":"Ja\u015b i Pusia w przedszkolu Wydawnictwo Martel recenzja"},"content":{"rendered":"<p><\/p>\n<div class=\"MsoNormal\" style=\"line-height: 150%; margin-bottom: .0001pt; margin-bottom: 0cm; text-align: justify;\">\n<span style=\"font-family: &quot;Arial&quot;,&quot;sans-serif&quot;; font-size: 14.0pt; line-height: 150%;\">Dla dziecka id\u0105cego pierwszy raz do<br \/>\nprzedszkola jest to du\u017ce prze\u017cycie. R\u00f3wnie\u017c rodzice boj\u0105 si\u0119 tego etapu. Z w\u0142asnego<br \/>\ndo\u015bwiadczenia pami\u0119tam, jak traumatyczne by\u0142o dla mnie p\u00f3j\u015bcie do przedszkola. Moje<br \/>\ndzieci ju\u017c od wrze\u015bnia stan\u0105 si\u0119 przedszkolakami i w zwi\u0105zku z tym rodz\u0105 si\u0119 w<br \/>\nnaszym sercu w\u0105tpliwo\u015bci i l\u0119ki \u2013 jak to b\u0119dzie. Czy b\u0119d\u0105 chcieli chodzi\u0107 do<br \/>\nprzedszkola, czy b\u0119d\u0105 p\u0142aka\u0107, czy znajd\u0105 przyjaci\u00f3\u0142, czy b\u0119dzie im smakowa\u0142o<br \/>\njedzenie, kt\u00f3re serwuje przedszkole? Te i wiele innych pyta\u0144 rodzi si\u0119 w naszej<br \/>\ng\u0142owie. Ch\u0142opaki na razie nie s\u0105 w pe\u0142ni \u015bwiadomi jak du\u017ca zmiana ich czeka ju\u017c<br \/>\nnied\u0142ugo, dlatego wa\u017cne jest, aby dziecko przygotowa\u0107 do tego, co si\u0119 zadzieje.<br \/>\nW poszukiwaniu jakich\u015b pomocy trafi\u0142am na ksi\u0105\u017ck\u0119 Wydawnictwa #Martel pt. \u201eJa\u015b<br \/>\ni Pusia w przedszkolu\u201d. To jedna z serii ksi\u0105\u017ceczek o misiach znajduj\u0105cych si\u0119<br \/>\nw r\u00f3\u017cnych sytuacjach. <\/span><\/div>\n<div class=\"MsoNormal\" style=\"line-height: 150%; margin-bottom: .0001pt; margin-bottom: 0cm; text-align: justify;\">\n<\/div>\n<div class=\"separator\" style=\"clear: both; text-align: center;\">\n<a href=\"http:\/\/www.swiattoli.pl\/wp-content\/uploads\/2018\/06\/34667612_10213227043122964_8758533494549774336_n.jpg\" imageanchor=\"1\" style=\"margin-left: 1em; margin-right: 1em;\"><img loading=\"lazy\" border=\"0\" data-original-height=\"800\" data-original-width=\"600\" height=\"640\" src=\"http:\/\/www.swiattoli.pl\/wp-content\/uploads\/2018\/06\/34667612_10213227043122964_8758533494549774336_n.jpg\" width=\"480\" \/><\/a><\/div>\n<div class=\"MsoNormal\" style=\"line-height: 150%; margin-bottom: .0001pt; margin-bottom: 0cm; text-align: justify;\">\n<span style=\"font-family: &quot;Arial&quot;,&quot;sans-serif&quot;; font-size: 14.0pt; line-height: 150%;\"><br \/><\/span><\/div>\n<div class=\"MsoNormal\" style=\"line-height: 150%; margin-bottom: .0001pt; margin-bottom: 0cm; text-align: justify;\">\n<span style=\"font-family: &quot;Arial&quot;,&quot;sans-serif&quot;; font-size: 14.0pt; line-height: 150%;\">Jest to ksi\u0105\u017ceczka interaktywna, pozwalaj\u0105ca<br \/>\ndziecku na odgadywanie, a raczej identyfikowanie przedmiot\u00f3w, kt\u00f3re stanowi\u0105<br \/>\nbrakuj\u0105ce s\u0142owo w tek\u015bcie rymowanki.<\/span><\/div>\n<div class=\"MsoNormal\" style=\"line-height: 150%; margin-bottom: .0001pt; margin-bottom: 0cm; text-align: justify;\">\n<\/div>\n<div class=\"separator\" style=\"clear: both; text-align: center;\">\n<a href=\"http:\/\/www.swiattoli.pl\/wp-content\/uploads\/2018\/06\/34818804_10213227054363245_5365125742885601280_n.jpg\" imageanchor=\"1\" style=\"margin-left: 1em; margin-right: 1em;\"><img loading=\"lazy\" border=\"0\" data-original-height=\"600\" data-original-width=\"800\" height=\"480\" src=\"http:\/\/www.swiattoli.pl\/wp-content\/uploads\/2018\/06\/34818804_10213227054363245_5365125742885601280_n.jpg\" width=\"640\" \/><\/a><\/div>\n<div class=\"MsoNormal\" style=\"line-height: 150%; margin-bottom: .0001pt; margin-bottom: 0cm; text-align: justify;\">\n<span style=\"font-family: &quot;Arial&quot;,&quot;sans-serif&quot;; font-size: 14.0pt; line-height: 150%;\"><br \/><\/span><\/div>\n<div class=\"MsoNormal\" style=\"line-height: 150%; margin-bottom: .0001pt; margin-bottom: 0cm; text-align: justify;\">\n<span style=\"font-family: &quot;Arial&quot;,&quot;sans-serif&quot;; font-size: 14.0pt; line-height: 150%;\">Dziecko musi pozna\u0107 zasady, kt\u00f3rymi nale\u017cy<br \/>\nsi\u0119 kierowa\u0107 id\u0105c do przedszkola, dlatego bardzo dobrze jest zapozna\u0107 je z nimi<br \/>\nzanim znajd\u0105 si\u0119 ju\u017c w konkretnej sytuacji, a najlepszym sposobem jest forma<br \/>\nzabawy. To w\u0142a\u015bnie znajdziemy w ksi\u0105\u017cce \u201eJa\u015b i Pusia w przedszkolu\u201d. Na pocz\u0105tek<br \/>\nrymowanka o szatni <i>\u201eO dzie\u0144 dobry, misie! \u2013 m\u00f3wi w szatni pani. Pierwszy dzie\u0144<br \/>\nw przedszkolu? Dzi\u015b zajm\u0119 si\u0119 wami\u201d<\/i>. Kolejna jest sala zabaw <i>\u201ePusiu, sala<br \/>\nzabaw! K\u0105cik z pojazdami! Jest poci\u0105g, koparka \u2013 pobawi\u0119 si\u0119 wami!\u201d<\/i>. Nast\u0119pnie dziecko<br \/>\npoznaje uroki przedszkolnego placu zabaw oraz zasady zachowania si\u0119 w toalecie.<br \/>\nKa\u017cda rymowanka uzupe\u0142niona jest kolorow\u0105 ilustracj\u0105, kt\u00f3ra dope\u0142nia tre\u015b\u0107 wierszyka.<\/span><\/div>\n<div class=\"MsoNormal\" style=\"line-height: 150%; margin-bottom: .0001pt; margin-bottom: 0cm; text-align: justify;\">\n<span style=\"font-family: &quot;Arial&quot;,&quot;sans-serif&quot;; font-size: 14.0pt; line-height: 150%;\"><br \/><\/span><\/div>\n<div class=\"MsoNormal\" style=\"line-height: 150%; margin-bottom: .0001pt; margin-bottom: 0cm; text-align: justify;\">\n<span style=\"font-family: &quot;Arial&quot;,&quot;sans-serif&quot;; font-size: 14.0pt; line-height: 150%;\">Moje dzieci od razu zaj\u0119\u0142y si\u0119 ksi\u0105\u017ceczk\u0105. Z zainteresowaniem<br \/>\nogl\u0105da\u0142y obrazki i pomaga\u0142y czyta\u0107 rymowank\u0119 odgaduj\u0105c nazwy przedmiot\u00f3w,<br \/>\nuzupe\u0142niaj\u0105ce tre\u015b\u0107. To naprawd\u0119 \u015bwietny spos\u00f3b na oswojenie dziecka z now\u0105<br \/>\nsytuacj\u0105, przecie\u017c p\u00f3j\u015bcie do przedszkola to b\u0119dzie rewolucja w ich \u017cyciu.<\/span><\/div>\n<div class=\"MsoNormal\" style=\"line-height: 150%; margin-bottom: .0001pt; margin-bottom: 0cm; text-align: justify;\">\n<span style=\"font-family: &quot;Arial&quot;,&quot;sans-serif&quot;; font-size: 14.0pt; line-height: 150%;\"><br \/><\/span><\/div>\n<div class=\"separator\" style=\"clear: both; text-align: center;\">\n<a href=\"http:\/\/www.swiattoli.pl\/wp-content\/uploads\/2018\/06\/34585541_10213227043722979_2070862840188633088_n.jpg\" imageanchor=\"1\" style=\"margin-left: 1em; margin-right: 1em;\"><img loading=\"lazy\" border=\"0\" data-original-height=\"800\" data-original-width=\"600\" height=\"640\" src=\"http:\/\/www.swiattoli.pl\/wp-content\/uploads\/2018\/06\/34585541_10213227043722979_2070862840188633088_n.jpg\" width=\"480\" \/><\/a><\/div>\n<div class=\"MsoNormal\" style=\"line-height: 150%; margin-bottom: .0001pt; margin-bottom: 0cm; text-align: justify;\">\n<span style=\"font-family: &quot;Arial&quot;,&quot;sans-serif&quot;; font-size: 14.0pt; line-height: 150%;\"><br \/><\/span><\/div>\n<div class=\"MsoNormal\" style=\"line-height: 150%; margin-bottom: .0001pt; margin-bottom: 0cm; text-align: justify;\">\n<span style=\"font-family: &quot;Arial&quot;,&quot;sans-serif&quot;; font-size: 14.0pt; line-height: 150%;\">Naprawd\u0119 warto si\u0119gn\u0105\u0107 po t\u0105 pozycj\u0119, bo<br \/>\nzdecydowanie u\u0142atwi nam to przyzwyczajenie dziecka do nowych zasad, obowi\u0105zk\u00f3w<br \/>\ni wyzwa\u0144.<\/span><\/div>\n<div style=\"text-align: center;\">\n<a href=\"https:\/\/wydawnictwomartel.pl\/\" target=\"_blank\" rel=\"noopener noreferrer\">Link do wydawnictwa<\/a><\/div>\n<div class=\"separator\" style=\"clear: both; text-align: center;\">\n<a href=\"http:\/\/www.swiattoli.pl\/wp-content\/uploads\/2018\/06\/logo.png\" imageanchor=\"1\" style=\"margin-left: 1em; margin-right: 1em;\"><img border=\"0\" data-original-height=\"82\" data-original-width=\"218\" src=\"http:\/\/www.swiattoli.pl\/wp-content\/uploads\/2018\/06\/logo.png\" \/><\/a><\/div>\n","protected":false},"excerpt":{"rendered":"<p>Dla dziecka id\u0105cego pierwszy raz do przedszkola jest to du\u017ce prze\u017cycie. R\u00f3wnie\u017c rodzice boj\u0105 si\u0119 tego etapu. Z w\u0142asnego do\u015bwiadczenia pami\u0119tam, jak traumatyczne by\u0142o dla mnie p\u00f3j\u015bcie do przedszkola. Moje dzieci ju\u017c od wrze\u015bnia stan\u0105 si\u0119 przedszkolakami i w zwi\u0105zku z tym rodz\u0105 si\u0119 w naszym sercu w\u0105tpliwo\u015bci i l\u0119ki \u2013 jak to b\u0119dzie. Czy &hellip;<\/p>\n","protected":false},"author":2,"featured_media":0,"comment_status":"open","ping_status":"open","sticky":false,"template":"","format":"standard","meta":[],"categories":[2,3,4,1],"tags":[],"_links":{"self":[{"href":"http:\/\/www.swiattoli.pl\/index.php?rest_route=\/wp\/v2\/posts\/290"}],"collection":[{"href":"http:\/\/www.swiattoli.pl\/index.php?rest_route=\/wp\/v2\/posts"}],"about":[{"href":"http:\/\/www.swiattoli.pl\/index.php?rest_route=\/wp\/v2\/types\/post"}],"author":[{"embeddable":true,"href":"http:\/\/www.swiattoli.pl\/index.php?rest_route=\/wp\/v2\/users\/2"}],"replies":[{"embeddable":true,"href":"http:\/\/www.swiattoli.pl\/index.php?rest_route=%2Fwp%2Fv2%2Fcomments&post=290"}],"version-history":[{"count":1,"href":"http:\/\/www.swiattoli.pl\/index.php?rest_route=\/wp\/v2\/posts\/290\/revisions"}],"predecessor-version":[{"id":2738,"href":"http:\/\/www.swiattoli.pl\/index.php?rest_route=\/wp\/v2\/posts\/290\/revisions\/2738"}],"wp:attachment":[{"href":"http:\/\/www.swiattoli.pl\/index.php?rest_route=%2Fwp%2Fv2%2Fmedia&parent=290"}],"wp:term":[{"taxonomy":"category","embeddable":true,"href":"http:\/\/www.swiattoli.pl\/index.php?rest_route=%2Fwp%2Fv2%2Fcategories&post=290"},{"taxonomy":"post_tag","embeddable":true,"href":"http:\/\/www.swiattoli.pl\/index.php?rest_route=%2Fwp%2Fv2%2Ftags&post=290"}],"curies":[{"name":"wp","href":"https:\/\/api.w.org\/{rel}","templated":true}]}}