{"id":284,"date":"2018-06-26T17:35:00","date_gmt":"2018-06-26T17:35:00","guid":{"rendered":"http:\/\/www.swiattoli.pl\/?p=284"},"modified":"2020-02-07T12:41:20","modified_gmt":"2020-02-07T12:41:20","slug":"babcocha-justyna-bednarek-i-daniel-de","status":"publish","type":"post","link":"http:\/\/www.swiattoli.pl\/?p=284","title":{"rendered":"Babcocha &#8211; Justyna Bednarek i Daniel de Latour recenzja"},"content":{"rendered":"<p><\/p>\n<div class=\"MsoNormal\" style=\"line-height: 150%; margin-bottom: .0001pt; margin-bottom: 0cm; text-align: justify;\">\n<span style=\"font-family: &quot;Arial&quot;,&quot;sans-serif&quot;; font-size: 14.0pt; line-height: 150%;\">Pewnego dnia nad wiosk\u0105 Grajdo\u0142ek pojawi\u0142a si\u0119<br \/>\ngradowa chmura, kt\u00f3ra okaza\u0142a si\u0119 \u015brodkiem transportu Babcochy. Przelatuj\u0105c nad<br \/>\nGrajdo\u0142kiem Babcocha wypatrzy\u0142a z g\u00f3ry chat\u0119, w kt\u00f3rej postanowi\u0142a zamieszka\u0107. I<br \/>\ntak si\u0119 w\u0142a\u015bnie sta\u0142o. <\/span><\/div>\n<div class=\"MsoNormal\" style=\"line-height: 150%; margin-bottom: .0001pt; margin-bottom: 0cm; text-align: justify;\">\n<span style=\"font-family: &quot;Arial&quot;,&quot;sans-serif&quot;; font-size: 14.0pt; line-height: 150%;\"><br \/><\/span><\/div>\n<div class=\"separator\" style=\"clear: both; text-align: center;\">\n<a href=\"http:\/\/www.swiattoli.pl\/wp-content\/uploads\/2018\/06\/36188889_10213352569661049_7365229782851649536_n.jpg\" imageanchor=\"1\" style=\"margin-left: 1em; margin-right: 1em;\"><img loading=\"lazy\" border=\"0\" data-original-height=\"800\" data-original-width=\"646\" height=\"640\" src=\"http:\/\/www.swiattoli.pl\/wp-content\/uploads\/2018\/06\/36188889_10213352569661049_7365229782851649536_n.jpg\" width=\"516\" \/><\/a><\/div>\n<div class=\"MsoNormal\" style=\"line-height: 150%; margin-bottom: .0001pt; margin-bottom: 0cm; text-align: justify;\">\n<span style=\"font-family: &quot;Arial&quot;,&quot;sans-serif&quot;; font-size: 14.0pt; line-height: 150%;\"><br \/><\/span><\/div>\n<div class=\"MsoNormal\" style=\"line-height: 150%; margin-bottom: .0001pt; margin-bottom: 0cm; text-align: justify;\">\n<span style=\"font-family: &quot;Arial&quot;,&quot;sans-serif&quot;; font-size: 14.0pt; line-height: 150%;\">Kim jest tytu\u0142owa Babcocha? To czarownica,<br \/>\nmaj\u0105ca du\u017cy nochal z brodawk\u0105, uczesana w ma\u0142y koczek. Przyby\u0142a z walizk\u0105 pe\u0142n\u0105<br \/>\nczarodziejskich mazide\u0142. Potrafi uleczy\u0107 \u017cab\u0119, kt\u00f3rej m\u0142ynarz odci\u0105\u0142 tyln\u0105 \u0142ap\u0119,<br \/>\nzamieni\u0107 dzisiaj we wczoraj, albo nawet w jutro, rozmawia z wiatrem, zamienia<br \/>\nsiebie i innych w zwierz\u0119ta i przedmioty. Potrafi zamieni\u0107 nawet \u017co\u0142\u0119dzie w<br \/>\nz\u0142ote monety. To posta\u0107, kt\u00f3ra zawsze stoi po stronie dobra, czaruje tylko w<br \/>\ndobrej sprawie, jest wyrozumia\u0142a, ale i potrafi przytrze\u0107 nosa, uczy poprawnych<br \/>\nzachowa\u0144 oraz szacunku i mi\u0142o\u015bci do dzieci i zwierz\u0105t.<\/span><\/div>\n<div class=\"MsoNormal\" style=\"line-height: 150%; margin-bottom: .0001pt; margin-bottom: 0cm; text-align: justify;\">\n<span style=\"font-family: &quot;Arial&quot;,&quot;sans-serif&quot;; font-size: 14.0pt; line-height: 150%;\"><br \/><\/span><\/div>\n<div class=\"separator\" style=\"clear: both; text-align: center;\">\n<a href=\"http:\/\/www.swiattoli.pl\/wp-content\/uploads\/2018\/06\/36002704_10213352570501070_2659880779785437184_n.jpg\" imageanchor=\"1\" style=\"margin-left: 1em; margin-right: 1em;\"><img loading=\"lazy\" border=\"0\" data-original-height=\"600\" data-original-width=\"800\" height=\"480\" src=\"http:\/\/www.swiattoli.pl\/wp-content\/uploads\/2018\/06\/36002704_10213352570501070_2659880779785437184_n.jpg\" width=\"640\" \/><\/a><\/div>\n<div class=\"MsoNormal\" style=\"line-height: 150%; margin-bottom: .0001pt; margin-bottom: 0cm; text-align: justify;\">\n<span style=\"font-family: &quot;Arial&quot;,&quot;sans-serif&quot;; font-size: 14.0pt; line-height: 150%;\"><br \/><\/span><\/div>\n<div class=\"MsoNormal\" style=\"line-height: 150%; margin-bottom: .0001pt; margin-bottom: 0cm; text-align: justify;\">\n<span style=\"font-family: &quot;Arial&quot;,&quot;sans-serif&quot;; font-size: 14.0pt; line-height: 150%;\">To ksi\u0105\u017cka sk\u0142adaj\u0105ca si\u0119 z 54 kr\u00f3tkich<br \/>\nrozdzia\u0142\u00f3w, kt\u00f3re \u0142\u0105cz\u0105 z sob\u0105 bohaterzy. Pr\u00f3cz tytu\u0142owej Babcochy spotykamy Orzechowe<br \/>\nLicho, kt\u00f3re \u015bpi za piecem, Bernadett\u0119 \u2013 dziewczyn\u0119 o ciemnych oczach, kt\u00f3ra<br \/>\nnosi czarne skarpetki i ma czarne paznokcie, co zdaniem Babcochy jest nie\u017ale<br \/>\ndobrane kolorystycznie. Jest r\u00f3wnie\u017c m\u0142ynarz z Nowota\u0144ca, J\u00f3zef Go\u0142\u0105b, kt\u00f3rego<br \/>\nzmieni\u0142a w wiatrak oraz Sklepowa Renata i wiele innych.<\/span><\/div>\n<div class=\"MsoNormal\" style=\"line-height: 150%; margin-bottom: .0001pt; margin-bottom: 0cm; text-align: justify;\">\n<span style=\"font-family: &quot;Arial&quot;,&quot;sans-serif&quot;; font-size: 14.0pt; line-height: 150%;\"><br \/><\/span><\/div>\n<div class=\"separator\" style=\"clear: both; text-align: center;\">\n<a href=\"http:\/\/www.swiattoli.pl\/wp-content\/uploads\/2018\/06\/36200271_10213352570221063_6466391250621693952_n.jpg\" imageanchor=\"1\" style=\"margin-left: 1em; margin-right: 1em;\"><img loading=\"lazy\" border=\"0\" data-original-height=\"600\" data-original-width=\"800\" height=\"480\" src=\"http:\/\/www.swiattoli.pl\/wp-content\/uploads\/2018\/06\/36200271_10213352570221063_6466391250621693952_n.jpg\" width=\"640\" \/><\/a><\/div>\n<div class=\"MsoNormal\" style=\"line-height: 150%; margin-bottom: .0001pt; margin-bottom: 0cm; text-align: justify;\">\n<span style=\"font-family: &quot;Arial&quot;,&quot;sans-serif&quot;; font-size: 14.0pt; line-height: 150%;\"><br \/><\/span><\/div>\n<div class=\"MsoNormal\" style=\"line-height: 150%; margin-bottom: .0001pt; margin-bottom: 0cm; text-align: justify;\">\n<span style=\"font-family: &quot;Arial&quot;,&quot;sans-serif&quot;; font-size: 14.0pt; line-height: 150%;\">To ciekawe opowiastki pe\u0142ne humoru, magii,<br \/>\nkt\u00f3re czasem s\u0105 zabawne, czasem smutne, wype\u0142nione inteligentnymi dialogami i<br \/>\nwspania\u0142\u0105 narracj\u0105. Czyta si\u0119 j\u0105 bardzo przyjemnie i z zainteresowaniem, z<br \/>\nciekawo\u015bci\u0105, co b\u0119dzie dalej, co zrobi Babcocha. Niesamowita opowie\u015b\u0107, kt\u00f3r\u0105<br \/>\nwspomnimy po latach, b\u0119dziemy pami\u0119ta\u0107 czas sp\u0119dzony nad lektur\u0105, kiedy jako<br \/>\ndziecko towarzyszyli\u015bmy bohaterom ksi\u0105\u017cki. To zaczarowana opowie\u015b\u0107, kt\u00f3ra<br \/>\nporywa, wprowadza w \u015bwiat magii i sprawia, \u017ce czujemy si\u0119 lepiej, przyjemniej i<br \/>\nniezwykle.<\/span><\/div>\n<div class=\"MsoNormal\" style=\"line-height: 150%; margin-bottom: .0001pt; margin-bottom: 0cm; text-align: justify;\">\n<span style=\"font-family: &quot;Arial&quot;,&quot;sans-serif&quot;; font-size: 14.0pt; line-height: 150%;\"><br \/><\/span><\/div>\n<div class=\"MsoNormal\" style=\"line-height: 150%; margin-bottom: .0001pt; margin-bottom: 0cm; text-align: justify;\">\n<span style=\"font-family: &quot;Arial&quot;,&quot;sans-serif&quot;; font-size: 14.0pt; line-height: 150%;\"><span style=\"font-family: Arial, sans-serif; font-size: 18.6667px;\">Ksi\u0105\u017ceczka zosta\u0142a bogato zilustrowana przez Daniela De Latoura.<\/span><\/span><\/div>\n<div class=\"MsoNormal\" style=\"line-height: 150%; margin-bottom: .0001pt; margin-bottom: 0cm; text-align: justify;\">\n<span style=\"font-family: &quot;Arial&quot;,&quot;sans-serif&quot;; font-size: 14.0pt; line-height: 150%;\"><br \/><\/span><\/div>\n<div class=\"separator\" style=\"clear: both; text-align: center;\">\n<a href=\"http:\/\/www.swiattoli.pl\/wp-content\/uploads\/2018\/06\/36312992_10213352571101085_1318317181892558848_n.jpg\" imageanchor=\"1\" style=\"margin-left: 1em; margin-right: 1em;\"><img loading=\"lazy\" border=\"0\" data-original-height=\"800\" data-original-width=\"600\" height=\"640\" src=\"http:\/\/www.swiattoli.pl\/wp-content\/uploads\/2018\/06\/36312992_10213352571101085_1318317181892558848_n.jpg\" width=\"480\" \/><\/a><\/div>\n<div class=\"separator\" style=\"clear: both; text-align: center;\">\n<a href=\"http:\/\/www.swiattoli.pl\/wp-content\/uploads\/2018\/06\/poradniak-1.jpg\" imageanchor=\"1\" style=\"margin-left: 1em; margin-right: 1em;\"><img border=\"0\" data-original-height=\"244\" data-original-width=\"207\" src=\"http:\/\/www.swiattoli.pl\/wp-content\/uploads\/2018\/06\/poradniak-1.jpg\" \/><\/a><\/div>\n<div style=\"text-align: center;\">\n<a href=\"http:\/\/sklep.poradniak.pl\/kolekcja\/nowosci\/babcocha-justyna-bednarek-i-daniel-de-latour\" target=\"_blank\" rel=\"noopener noreferrer\"><span style=\"font-size: large;\">Link do ksi\u0105\u017cki<\/span><\/a><\/div>\n","protected":false},"excerpt":{"rendered":"<p>Pewnego dnia nad wiosk\u0105 Grajdo\u0142ek pojawi\u0142a si\u0119 gradowa chmura, kt\u00f3ra okaza\u0142a si\u0119 \u015brodkiem transportu Babcochy. Przelatuj\u0105c nad Grajdo\u0142kiem Babcocha wypatrzy\u0142a z g\u00f3ry chat\u0119, w kt\u00f3rej postanowi\u0142a zamieszka\u0107. I tak si\u0119 w\u0142a\u015bnie sta\u0142o. Kim jest tytu\u0142owa Babcocha? To czarownica, maj\u0105ca du\u017cy nochal z brodawk\u0105, uczesana w ma\u0142y koczek. Przyby\u0142a z walizk\u0105 pe\u0142n\u0105 czarodziejskich mazide\u0142. Potrafi uleczy\u0107 &hellip;<\/p>\n","protected":false},"author":2,"featured_media":0,"comment_status":"open","ping_status":"open","sticky":false,"template":"","format":"standard","meta":[],"categories":[2,3,4,1],"tags":[],"_links":{"self":[{"href":"http:\/\/www.swiattoli.pl\/index.php?rest_route=\/wp\/v2\/posts\/284"}],"collection":[{"href":"http:\/\/www.swiattoli.pl\/index.php?rest_route=\/wp\/v2\/posts"}],"about":[{"href":"http:\/\/www.swiattoli.pl\/index.php?rest_route=\/wp\/v2\/types\/post"}],"author":[{"embeddable":true,"href":"http:\/\/www.swiattoli.pl\/index.php?rest_route=\/wp\/v2\/users\/2"}],"replies":[{"embeddable":true,"href":"http:\/\/www.swiattoli.pl\/index.php?rest_route=%2Fwp%2Fv2%2Fcomments&post=284"}],"version-history":[{"count":1,"href":"http:\/\/www.swiattoli.pl\/index.php?rest_route=\/wp\/v2\/posts\/284\/revisions"}],"predecessor-version":[{"id":2772,"href":"http:\/\/www.swiattoli.pl\/index.php?rest_route=\/wp\/v2\/posts\/284\/revisions\/2772"}],"wp:attachment":[{"href":"http:\/\/www.swiattoli.pl\/index.php?rest_route=%2Fwp%2Fv2%2Fmedia&parent=284"}],"wp:term":[{"taxonomy":"category","embeddable":true,"href":"http:\/\/www.swiattoli.pl\/index.php?rest_route=%2Fwp%2Fv2%2Fcategories&post=284"},{"taxonomy":"post_tag","embeddable":true,"href":"http:\/\/www.swiattoli.pl\/index.php?rest_route=%2Fwp%2Fv2%2Ftags&post=284"}],"curies":[{"name":"wp","href":"https:\/\/api.w.org\/{rel}","templated":true}]}}