{"id":277,"date":"2018-07-19T15:29:00","date_gmt":"2018-07-19T15:29:00","guid":{"rendered":"http:\/\/www.swiattoli.pl\/?p=277"},"modified":"2020-02-07T12:42:01","modified_gmt":"2020-02-07T12:42:01","slug":"misja-feniks-ewa-karwan-jastrzebska","status":"publish","type":"post","link":"http:\/\/www.swiattoli.pl\/?p=277","title":{"rendered":"Misja feniks Ewa Karwan-Jastrz\u0119bska Wydawnictwo Akapit Press &#8211; recenzja+konkurs"},"content":{"rendered":"<p><\/p>\n<div class=\"MsoNormal\" style=\"line-height: 150%; margin-bottom: .0001pt; margin-bottom: 0cm; text-align: justify;\">\n<span style=\"font-family: &quot;arial&quot; , &quot;sans-serif&quot;; font-size: 14.0pt; line-height: 150%;\">Mimo, \u017ce lata nastoletnie mam ju\u017c dawno za<br \/>\nsob\u0105, to jestem fank\u0105 ksi\u0105\u017cek dla dzieci i m\u0142odzie\u017cy, szczeg\u00f3lnie tych z<br \/>\ntajemnic\u0105, kt\u00f3r\u0105 potrafi\u0105 rozwi\u0105za\u0107 m\u0142odzi bohaterowie. Tak\u0105 w\u0142a\u015bnie genialn\u0105<br \/>\nksi\u0105\u017ck\u0105 jest \u201eMisja Feniks\u201d pe\u0142na zwrot\u00f3w akcji, tajemnic i wydarze\u0144. Akcja<br \/>\njest wartka, ci\u0105gle co\u015b si\u0119 dzieje, bohaterowie ani na chwil\u0119 si\u0119 nie nudz\u0105. Z<br \/>\nchwili na chwil\u0119 tajemnica staje si\u0119 coraz bardziej skomplikowana.<\/span><\/div>\n<div class=\"MsoNormal\" style=\"line-height: 150%; margin-bottom: .0001pt; margin-bottom: 0cm; text-align: justify;\">\n<span style=\"font-family: &quot;arial&quot; , &quot;sans-serif&quot;; font-size: 14.0pt; line-height: 150%;\"><br \/><\/span><\/div>\n<div class=\"separator\" style=\"clear: both; text-align: center;\">\n<a href=\"http:\/\/www.swiattoli.pl\/wp-content\/uploads\/2018\/07\/37363749_10213512509219438_7948056054644867072_n.jpg\" imageanchor=\"1\" style=\"margin-left: 1em; margin-right: 1em;\"><img loading=\"lazy\" border=\"0\" data-original-height=\"800\" data-original-width=\"660\" height=\"640\" src=\"http:\/\/www.swiattoli.pl\/wp-content\/uploads\/2018\/07\/37363749_10213512509219438_7948056054644867072_n.jpg\" width=\"528\" \/><\/a><\/div>\n<div class=\"MsoNormal\" style=\"line-height: 150%; margin-bottom: .0001pt; margin-bottom: 0cm; text-align: justify;\">\n<span style=\"font-family: &quot;arial&quot; , &quot;sans-serif&quot;; font-size: 14.0pt; line-height: 150%;\"><br \/><\/span><\/div>\n<div class=\"MsoNormal\" style=\"line-height: 150%; margin-bottom: .0001pt; margin-bottom: 0cm; text-align: justify;\">\n<span style=\"font-family: &quot;arial&quot; , &quot;sans-serif&quot;; font-size: 14.0pt; line-height: 150%;\">Bohaterowie ksi\u0105\u017cki to bli\u017aniaki Julian i<br \/>\nJulka, starsza od brata o 14 minut. Julia jest spokojn\u0105 nastolatk\u0105, lubi\u0105c\u0105 si\u0119<br \/>\nuczy\u0107, interesuj\u0105c\u0105 sztuk\u0105, wykazuj\u0105c\u0105 uzdolnienia humanistyczne i<br \/>\nlingwinistyczne. Julek to typ odkrywcy, umys\u0142 \u015bcis\u0142y, kt\u00f3ry uwielbia<br \/>\nprzeprowadza\u0107 eksperymenty. W sumie to beztroskie rodze\u0144stwo, kt\u00f3re w\u0142a\u015bnie<br \/>\nzacz\u0119\u0142o wakacje.&nbsp;<\/span><\/div>\n<div class=\"MsoNormal\" style=\"line-height: 150%; margin-bottom: .0001pt; margin-bottom: 0cm; text-align: justify;\">\n<span style=\"font-family: &quot;arial&quot; , &quot;sans-serif&quot;; font-size: 14.0pt; line-height: 150%;\"><br \/><\/span><\/div>\n<div class=\"separator\" style=\"clear: both; text-align: center;\">\n<a href=\"http:\/\/www.swiattoli.pl\/wp-content\/uploads\/2018\/07\/37416561_10213512514459569_4341499195023163392_n.jpg\" imageanchor=\"1\" style=\"margin-left: 1em; margin-right: 1em;\"><img loading=\"lazy\" border=\"0\" data-original-height=\"800\" data-original-width=\"596\" height=\"640\" src=\"http:\/\/www.swiattoli.pl\/wp-content\/uploads\/2018\/07\/37416561_10213512514459569_4341499195023163392_n.jpg\" width=\"476\" \/><\/a><\/div>\n<div class=\"MsoNormal\" style=\"line-height: 150%; margin-bottom: .0001pt; margin-bottom: 0cm; text-align: justify;\">\n<span style=\"font-family: &quot;arial&quot; , &quot;sans-serif&quot;; font-size: 14.0pt; line-height: 150%;\"><br \/><\/span><\/div>\n<div class=\"MsoNormal\" style=\"line-height: 150%; margin-bottom: .0001pt; margin-bottom: 0cm; text-align: justify;\">\n<span style=\"font-family: &quot;arial&quot; , &quot;sans-serif&quot;; font-size: 14.0pt; line-height: 150%;\">Pewnej nocy w budynku na wprost swojego domu zauwa\u017caj\u0105 w<br \/>\npomieszczeniu na parterze \u015bwiat\u0142o. Zwykle znajdowa\u0142y si\u0119 tam sklepy, chc\u0105 wi\u0119c<br \/>\nsprawdzi\u0107, kto zago\u015bci\u0142 teraz. Wybieraj\u0105 si\u0119 wi\u0119c na rozpoznanie terenu nast\u0119pnego<br \/>\ndnia i w ten oto spos\u00f3b poznaj\u0105 Aureliusza Tarabella oraz jego antykwariat. Okazuje<br \/>\nsi\u0119 on mi\u0142ym znajomym, kt\u00f3ry z czasem staje si\u0119 przyjacielem bli\u017aniak\u00f3w. Przychodz\u0105<br \/>\ndo niego codziennie, rozmawiaj\u0105 o historii. Pewnego dnia antykwariusz znika, a<br \/>\nopiek\u0119 nad antykwariatem powierza nastolatkom. Traf chce, \u017ce zauwa\u017caj\u0105 obraz<br \/>\nprzedstawiaj\u0105cy Florencj\u0119, kt\u00f3ry przenosi ich do szesnastowiecznego miasta. Tam<br \/>\ntrafiaj\u0105 w sam \u015brodek afery dotycz\u0105cej obrazu \u201ePracownia Alchemika\u201d, chodzi tu<br \/>\no wielk\u0105 spraw\u0119 \u2013 eliksir nie\u015bmiertelno\u015bci, kt\u00f3ry chce mie\u0107 ka\u017cdy. Julek i<br \/>\nJulka maj\u0105 ostrzec malarza i uniemo\u017cliwi\u0107 pewnej szajce zdobycie dost\u0119pu do tej<br \/>\nwielkiej tajemnicy.<\/span><\/div>\n<div class=\"MsoNormal\" style=\"line-height: 150%; margin-bottom: .0001pt; margin-bottom: 0cm; text-align: justify;\">\n<span style=\"font-family: &quot;arial&quot; , &quot;sans-serif&quot;; font-size: 14.0pt; line-height: 150%;\"><br \/><\/span><\/div>\n<div class=\"separator\" style=\"clear: both; text-align: center;\">\n<a href=\"http:\/\/www.swiattoli.pl\/wp-content\/uploads\/2018\/07\/37570601_10213512511979507_2195343271738212352_n.jpg\" imageanchor=\"1\" style=\"margin-left: 1em; margin-right: 1em;\"><img loading=\"lazy\" border=\"0\" data-original-height=\"800\" data-original-width=\"600\" height=\"640\" src=\"http:\/\/www.swiattoli.pl\/wp-content\/uploads\/2018\/07\/37570601_10213512511979507_2195343271738212352_n.jpg\" width=\"480\" \/><\/a><\/div>\n<div class=\"MsoNormal\" style=\"line-height: 150%; margin-bottom: .0001pt; margin-bottom: 0cm; text-align: justify;\">\n<span style=\"font-family: &quot;arial&quot; , &quot;sans-serif&quot;; font-size: 14.0pt; line-height: 150%;\"><br \/><\/span><\/div>\n<div class=\"MsoNormal\" style=\"line-height: 150%; margin-bottom: .0001pt; margin-bottom: 0cm; text-align: justify;\">\n<span style=\"font-family: &quot;arial&quot; , &quot;sans-serif&quot;; font-size: 14.0pt; line-height: 150%;\">Co si\u0119 stanie, czy przepis na eliksir<br \/>\nzostanie odnaleziony, jak\u0105 zagadk\u0119 kryje obraz, na te i inne pytania<br \/>\nznajdziecie odpowied\u017a, gdy przeczytacie t\u0119 wspania\u0142\u0105 ksi\u0105\u017ck\u0119.<\/span><\/div>\n<p><span style=\"font-family: &quot;arial&quot; , &quot;sans-serif&quot;; font-size: 14.0pt; line-height: 107%;\"><a href=\"https:\/\/m.facebook.com\/story.php?story_fbid=352881971914092&amp;id=203866706815620\">&nbsp;Zapraszam na konkurs, w kt\u00f3rym mo\u017cna wygra\u0107 t\u0119 w\u0142a\u015bnie ksi\u0105\u017ck\u0119<\/a>&nbsp;wystarczy klikn\u0105\u0107.<\/span><\/p>\n","protected":false},"excerpt":{"rendered":"<p>Mimo, \u017ce lata nastoletnie mam ju\u017c dawno za sob\u0105, to jestem fank\u0105 ksi\u0105\u017cek dla dzieci i m\u0142odzie\u017cy, szczeg\u00f3lnie tych z tajemnic\u0105, kt\u00f3r\u0105 potrafi\u0105 rozwi\u0105za\u0107 m\u0142odzi bohaterowie. Tak\u0105 w\u0142a\u015bnie genialn\u0105 ksi\u0105\u017ck\u0105 jest \u201eMisja Feniks\u201d pe\u0142na zwrot\u00f3w akcji, tajemnic i wydarze\u0144. Akcja jest wartka, ci\u0105gle co\u015b si\u0119 dzieje, bohaterowie ani na chwil\u0119 si\u0119 nie nudz\u0105. Z chwili &hellip;<\/p>\n","protected":false},"author":2,"featured_media":0,"comment_status":"open","ping_status":"open","sticky":false,"template":"","format":"standard","meta":[],"categories":[2,3,4,1],"tags":[],"_links":{"self":[{"href":"http:\/\/www.swiattoli.pl\/index.php?rest_route=\/wp\/v2\/posts\/277"}],"collection":[{"href":"http:\/\/www.swiattoli.pl\/index.php?rest_route=\/wp\/v2\/posts"}],"about":[{"href":"http:\/\/www.swiattoli.pl\/index.php?rest_route=\/wp\/v2\/types\/post"}],"author":[{"embeddable":true,"href":"http:\/\/www.swiattoli.pl\/index.php?rest_route=\/wp\/v2\/users\/2"}],"replies":[{"embeddable":true,"href":"http:\/\/www.swiattoli.pl\/index.php?rest_route=%2Fwp%2Fv2%2Fcomments&post=277"}],"version-history":[{"count":1,"href":"http:\/\/www.swiattoli.pl\/index.php?rest_route=\/wp\/v2\/posts\/277\/revisions"}],"predecessor-version":[{"id":2824,"href":"http:\/\/www.swiattoli.pl\/index.php?rest_route=\/wp\/v2\/posts\/277\/revisions\/2824"}],"wp:attachment":[{"href":"http:\/\/www.swiattoli.pl\/index.php?rest_route=%2Fwp%2Fv2%2Fmedia&parent=277"}],"wp:term":[{"taxonomy":"category","embeddable":true,"href":"http:\/\/www.swiattoli.pl\/index.php?rest_route=%2Fwp%2Fv2%2Fcategories&post=277"},{"taxonomy":"post_tag","embeddable":true,"href":"http:\/\/www.swiattoli.pl\/index.php?rest_route=%2Fwp%2Fv2%2Ftags&post=277"}],"curies":[{"name":"wp","href":"https:\/\/api.w.org\/{rel}","templated":true}]}}