{"id":257,"date":"2018-08-31T06:00:00","date_gmt":"2018-08-31T06:00:00","guid":{"rendered":"http:\/\/www.swiattoli.pl\/?p=257"},"modified":"2020-02-07T12:43:35","modified_gmt":"2020-02-07T12:43:35","slug":"chopiec-balonik-i-mis-krzysiu-gdzie","status":"publish","type":"post","link":"http:\/\/www.swiattoli.pl\/?p=257","title":{"rendered":"Ch\u0142opiec, balonik i mi\u015b. Krzysiu, gdzie jeste\u015b? Wydawnictwo Egmont"},"content":{"rendered":"<p><\/p>\n<div class=\"MsoNormal\" style=\"line-height: 150%; margin-bottom: .0001pt; margin-bottom: 0cm; text-align: justify;\">\n<span style=\"font-family: &quot;Arial&quot;,&quot;sans-serif&quot;; font-size: 14.0pt; line-height: 150%;\">Kto nie zna historii O Kubusiu Puchatku i<br \/>\njego przyjacio\u0142ach? Chyba nie ma takiej osoby, bo ten Mi\u015b o ma\u0142ym rozumku jest<br \/>\nbohaterem dla wielu, nie tylko dzieci. Jego dobro\u0107, dobroduszno\u015b\u0107, uczciwo\u015b\u0107,<br \/>\notwarto\u015b\u0107 i mi\u0142o\u015b\u0107 uczy i sprawia, \u017ce \u015bwiat postrzega si\u0119 inaczej.<\/span><\/div>\n<div class=\"MsoNormal\" style=\"line-height: 150%; margin-bottom: .0001pt; margin-bottom: 0cm; text-align: justify;\">\n<\/div>\n<div class=\"separator\" style=\"clear: both; text-align: center;\">\n<a href=\"http:\/\/www.swiattoli.pl\/wp-content\/uploads\/2018\/08\/40387389_10213789311939333_6231805776206233600_n.jpg\" imageanchor=\"1\" style=\"margin-left: 1em; margin-right: 1em;\"><img loading=\"lazy\" border=\"0\" data-original-height=\"800\" data-original-width=\"615\" height=\"640\" src=\"http:\/\/www.swiattoli.pl\/wp-content\/uploads\/2018\/08\/40387389_10213789311939333_6231805776206233600_n.jpg\" width=\"492\" \/><\/a><\/div>\n<div class=\"MsoNormal\" style=\"line-height: 150%; margin-bottom: .0001pt; margin-bottom: 0cm; text-align: justify;\">\n<span style=\"font-family: &quot;Arial&quot;,&quot;sans-serif&quot;; font-size: 14.0pt; line-height: 150%;\"><br \/><\/span><\/div>\n<div class=\"MsoNormal\" style=\"line-height: 150%; margin-bottom: .0001pt; margin-bottom: 0cm; text-align: justify;\">\n<span style=\"font-family: &quot;Arial&quot;,&quot;sans-serif&quot;; font-size: 14.0pt; line-height: 150%;\">Krzy\u015b, to najlepszy przyjaciel Kubusia,<br \/>\njednak czas mija, lata up\u0142ywaj\u0105. Krzysiu jest doros\u0142y, przestaje odwiedza\u0107 Stumilowy<br \/>\nLas, jedynie Kubu\u015b wierzy, \u017ce pewnego dnia wr\u00f3ci. Tak te\u017c si\u0119 dzieje, jednak<br \/>\ndla Krzysia wszystko wydaje si\u0119 innym ni\u017c kiedy\u015b. Teraz ma ZOBOWI\u0104ZANIA, nie<br \/>\nwierzy ju\u017c w hefalumpy i wuzle, dla niego to tylko wytw\u00f3r wyobra\u017ani. W pewnym<br \/>\nmomencie wiatr rozwiewa WA\u017bNE RZECZY Krzysia, kt\u00f3ry chce je dogoni\u0107. W ten<br \/>\nspos\u00f3b traci z oczu Kubusia i wpada w pu\u0142apk\u0119 na hefalumpy. Krzysiu, kt\u00f3ry<br \/>\nutraci\u0142 ca\u0142\u0105 swoj\u0105 dzieci\u0119c\u0105 rado\u015b\u0107 \u017cycia, zaczyna przypomina\u0107 sobie rady Misia<br \/>\ni udaje mu si\u0119 uwolni\u0107. Stopniowo, krok po kroku spotyka dawnych przyjaci\u00f3\u0142,<br \/>\nodzyskuje dzieci\u0119co\u015b\u0107, otwarto\u015b\u0107, wiar\u0119, zaczyna by\u0107 szcz\u0119\u015bliwy. Cho\u0107 na<br \/>\npocz\u0105tku nikt nie poznaje Krzysia z czasem przekonuj\u0105 si\u0119, \u017ce to jednak on, \u017ce<br \/>\nwr\u00f3ci\u0142 ich przyjaciel, taki jak kiedy\u015b, kt\u00f3ry ich obroni i b\u0119dzie dla nich<br \/>\nwsparciem. Ta przemiana pozwala mu odnale\u017a\u0107 drog\u0119 do Kubusia.<\/span><\/div>\n<div class=\"MsoNormal\" style=\"line-height: 150%; margin-bottom: .0001pt; margin-bottom: 0cm; text-align: justify;\">\n<\/div>\n<div class=\"separator\" style=\"clear: both; text-align: center;\">\n<a href=\"http:\/\/www.swiattoli.pl\/wp-content\/uploads\/2018\/08\/40318540_10213789315699427_6167666581443706880_n.jpg\" imageanchor=\"1\" style=\"margin-left: 1em; margin-right: 1em;\"><img loading=\"lazy\" border=\"0\" data-original-height=\"800\" data-original-width=\"600\" height=\"640\" src=\"http:\/\/www.swiattoli.pl\/wp-content\/uploads\/2018\/08\/40318540_10213789315699427_6167666581443706880_n.jpg\" width=\"480\" \/><\/a><\/div>\n<div class=\"MsoNormal\" style=\"line-height: 150%; margin-bottom: .0001pt; margin-bottom: 0cm; text-align: justify;\">\n<span style=\"font-family: &quot;Arial&quot;,&quot;sans-serif&quot;; font-size: 14.0pt; line-height: 150%;\"><br \/><\/span><\/div>\n<div class=\"MsoNormal\" style=\"line-height: 150%; margin-bottom: .0001pt; margin-bottom: 0cm; text-align: justify;\">\n<span style=\"font-family: &quot;Arial&quot;,&quot;sans-serif&quot;; font-size: 14.0pt; line-height: 150%;\">To ksi\u0105\u017cka o uczuciach, o tym, \u017ce dorastaj\u0105c<br \/>\ntracimy z oczu to, co najwa\u017cniejsze, zapominamy o przyjacio\u0142ach, o tych kt\u00f3rzy<br \/>\nzawsze maj\u0105 dla nas serce. Uczy nas, \u017ce trzeba si\u0119 czasem zatrzyma\u0107, wr\u00f3ci\u0107 do<br \/>\nprzesz\u0142o\u015bci i odzyska\u0107 to, co utracone \u2013 nasz\u0105 dzieci\u0119co\u015b\u0107. <\/span><\/div>\n<div class=\"MsoNormal\" style=\"line-height: 150%; margin-bottom: .0001pt; margin-bottom: 0cm; text-align: justify;\">\n<\/div>\n<div class=\"separator\" style=\"clear: both; text-align: center;\">\n<a href=\"http:\/\/www.swiattoli.pl\/wp-content\/uploads\/2018\/08\/40374392_10213789314259391_3335070422063382528_n.jpg\" imageanchor=\"1\" style=\"margin-left: 1em; margin-right: 1em;\"><img loading=\"lazy\" border=\"0\" data-original-height=\"800\" data-original-width=\"600\" height=\"640\" src=\"http:\/\/www.swiattoli.pl\/wp-content\/uploads\/2018\/08\/40374392_10213789314259391_3335070422063382528_n.jpg\" width=\"480\" \/><\/a><\/div>\n<div class=\"MsoNormal\" style=\"line-height: 150%; margin-bottom: .0001pt; margin-bottom: 0cm; text-align: justify;\">\n<span style=\"font-family: &quot;Arial&quot;,&quot;sans-serif&quot;; font-size: 14.0pt; line-height: 150%;\"><br \/><\/span><\/div>\n<div class=\"MsoNormal\" style=\"line-height: 150%; margin-bottom: .0001pt; margin-bottom: 0cm; text-align: justify;\">\n<span style=\"font-family: &quot;Arial&quot;,&quot;sans-serif&quot;; font-size: 14.0pt; line-height: 150%;\">To kr\u00f3tka historia, kt\u00f3ra uczy, jest m\u0105dra i<br \/>\npe\u0142na emocji, zwraca uwag\u0119 na stref\u0119 emocjonaln\u0105, potrafi\u0105c\u0105<span style=\"mso-spacerun: yes;\">&nbsp; <\/span>nas zmieni\u0107 nie do poznania. Pami\u0119tajmy jednak,<br \/>\n\u017ce w g\u0142\u0119bi duszy zawsze pozostajemy dzie\u0107mi i czasem warto o tym sobie<br \/>\nprzypomnie\u0107.&nbsp;<\/span><\/div>\n<div class=\"MsoNormal\" style=\"line-height: 150%; margin-bottom: .0001pt; margin-bottom: 0cm; text-align: justify;\">\n<\/div>\n<div class=\"separator\" style=\"clear: both; text-align: center;\">\n<a href=\"http:\/\/www.swiattoli.pl\/wp-content\/uploads\/2018\/08\/40374965_10213789313859381_3680848695647010816_n.jpg\" imageanchor=\"1\" style=\"margin-left: 1em; margin-right: 1em;\"><img loading=\"lazy\" border=\"0\" data-original-height=\"800\" data-original-width=\"600\" height=\"640\" src=\"http:\/\/www.swiattoli.pl\/wp-content\/uploads\/2018\/08\/40374965_10213789313859381_3680848695647010816_n.jpg\" width=\"480\" \/><\/a><\/div>\n<div class=\"MsoNormal\" style=\"line-height: 150%; margin-bottom: .0001pt; margin-bottom: 0cm; text-align: justify;\">\n<span style=\"font-family: &quot;Arial&quot;,&quot;sans-serif&quot;; font-size: 14.0pt; line-height: 150%;\"><br \/><\/span><\/div>\n<div class=\"MsoNormal\" style=\"line-height: 150%; margin-bottom: .0001pt; margin-bottom: 0cm; text-align: justify;\">\n<span style=\"font-family: &quot;Arial&quot;,&quot;sans-serif&quot;; font-size: 14.0pt; line-height: 150%;\">Tre\u015b\u0107 jest wzbogacona \u015blicznymi ilustracjami.<br \/>\n<\/span><\/div>\n<div class=\"separator\" style=\"clear: both; text-align: center;\">\n<a href=\"http:\/\/www.swiattoli.pl\/wp-content\/uploads\/2018\/08\/40390822_10213789313139363_8095761173955215360_n.jpg\" imageanchor=\"1\" style=\"margin-left: 1em; margin-right: 1em;\"><img loading=\"lazy\" border=\"0\" data-original-height=\"800\" data-original-width=\"600\" height=\"640\" src=\"http:\/\/www.swiattoli.pl\/wp-content\/uploads\/2018\/08\/40390822_10213789313139363_8095761173955215360_n.jpg\" width=\"480\" \/><\/a><\/div>\n<div class=\"separator\" style=\"clear: both; text-align: center;\">\n<\/div>\n<div class=\"separator\" style=\"clear: both; text-align: center;\">\n<a href=\"http:\/\/www.swiattoli.pl\/wp-content\/uploads\/2018\/08\/Egm_polska_logo_bw_pos_RGB300.jpg\" imageanchor=\"1\" style=\"margin-left: 1em; margin-right: 1em;\"><img border=\"0\" data-original-height=\"94\" data-original-width=\"320\" src=\"http:\/\/www.swiattoli.pl\/wp-content\/uploads\/2018\/08\/Egm_polska_logo_bw_pos_RGB300.jpg\" \/><\/a><\/div>\n<div class=\"separator\" style=\"clear: both; text-align: center;\">\n<\/div>\n<div style=\"text-align: center;\">\n<a href=\"https:\/\/egmont.pl\/\"><span style=\"font-size: large;\">https:\/\/egmont.pl\/<\/span><\/a><\/div>\n","protected":false},"excerpt":{"rendered":"<p>Kto nie zna historii O Kubusiu Puchatku i jego przyjacio\u0142ach? Chyba nie ma takiej osoby, bo ten Mi\u015b o ma\u0142ym rozumku jest bohaterem dla wielu, nie tylko dzieci. Jego dobro\u0107, dobroduszno\u015b\u0107, uczciwo\u015b\u0107, otwarto\u015b\u0107 i mi\u0142o\u015b\u0107 uczy i sprawia, \u017ce \u015bwiat postrzega si\u0119 inaczej. Krzy\u015b, to najlepszy przyjaciel Kubusia, jednak czas mija, lata up\u0142ywaj\u0105. Krzysiu jest &hellip;<\/p>\n","protected":false},"author":2,"featured_media":0,"comment_status":"open","ping_status":"open","sticky":false,"template":"","format":"standard","meta":[],"categories":[2,3,4,1],"tags":[],"_links":{"self":[{"href":"http:\/\/www.swiattoli.pl\/index.php?rest_route=\/wp\/v2\/posts\/257"}],"collection":[{"href":"http:\/\/www.swiattoli.pl\/index.php?rest_route=\/wp\/v2\/posts"}],"about":[{"href":"http:\/\/www.swiattoli.pl\/index.php?rest_route=\/wp\/v2\/types\/post"}],"author":[{"embeddable":true,"href":"http:\/\/www.swiattoli.pl\/index.php?rest_route=\/wp\/v2\/users\/2"}],"replies":[{"embeddable":true,"href":"http:\/\/www.swiattoli.pl\/index.php?rest_route=%2Fwp%2Fv2%2Fcomments&post=257"}],"version-history":[{"count":1,"href":"http:\/\/www.swiattoli.pl\/index.php?rest_route=\/wp\/v2\/posts\/257\/revisions"}],"predecessor-version":[{"id":2997,"href":"http:\/\/www.swiattoli.pl\/index.php?rest_route=\/wp\/v2\/posts\/257\/revisions\/2997"}],"wp:attachment":[{"href":"http:\/\/www.swiattoli.pl\/index.php?rest_route=%2Fwp%2Fv2%2Fmedia&parent=257"}],"wp:term":[{"taxonomy":"category","embeddable":true,"href":"http:\/\/www.swiattoli.pl\/index.php?rest_route=%2Fwp%2Fv2%2Fcategories&post=257"},{"taxonomy":"post_tag","embeddable":true,"href":"http:\/\/www.swiattoli.pl\/index.php?rest_route=%2Fwp%2Fv2%2Ftags&post=257"}],"curies":[{"name":"wp","href":"https:\/\/api.w.org\/{rel}","templated":true}]}}