{"id":200,"date":"2018-12-29T07:00:00","date_gmt":"2018-12-29T07:00:00","guid":{"rendered":"http:\/\/www.swiattoli.pl\/?p=200"},"modified":"2020-02-07T12:46:50","modified_gmt":"2020-02-07T12:46:50","slug":"malala-i-jej-czarodziejski-oowek","status":"publish","type":"post","link":"http:\/\/www.swiattoli.pl\/?p=200","title":{"rendered":"Malala i jej czarodziejski o\u0142\u00f3wek Wydawnictwo Tekturka &#8211; recenzja"},"content":{"rendered":"<p><\/p>\n<div class=\"MsoNormal\" style=\"line-height: 150%; margin-bottom: .0001pt; margin-bottom: 0cm; text-align: justify;\">\n<strong><span style=\"background: white; border: none windowtext 1.0pt; color: #111111; font-family: &quot;Arial&quot;,&quot;sans-serif&quot;; font-size: 14.0pt; font-weight: normal; line-height: 150%; mso-bidi-font-weight: bold; mso-border-alt: none windowtext 0cm; padding: 0cm;\">Malala Yousafzai<\/span><\/strong><span style=\"background: white; color: #111111; font-family: &quot;Arial&quot;,&quot;sans-serif&quot;; font-size: 14.0pt; line-height: 150%;\"><span style=\"-webkit-text-stroke-width: 0px; float: none; font-variant-caps: normal; font-variant-ligatures: normal; orphans: 2; text-align: start; text-decoration-color: initial; text-decoration-style: initial; widows: 2; word-spacing: 0px;\">&nbsp;to niezwyk\u0142a dziewczynka, kt\u00f3ra w 2009 roku pod<br \/>\npseudonimem Gul Makai zacz\u0119\u0142a pisa\u0107 bloga, na kt\u00f3rym walczy\u0142a o wolno\u015b\u0107<br \/>\nedukacji dla dziewcz\u0105t, gdy\u017c w jej kraju zakazano ucz\u0119szczania do szk\u00f3\u0142<br \/>\ndziewcz\u0119tom. Donosi\u0142a o zamykaniu przez talib\u00f3w szk\u00f3\u0142 i wprowadzanych zakazach.<br \/>\nW 2012 roku zosta\u0142a przez nich postrzelona i cudem prze\u017cy\u0142a zamach. Doda\u0142o jej<br \/>\nto tylko si\u0142 do dzia\u0142ania. W 2014 roku za sw\u00f3j wk\u0142ad w walk\u0119 o prawa kobiet w<br \/>\nwieku siedemnastu lat, otrzyma\u0142a Pokojow\u0105 Nagrod\u0119 Nobla.<\/span><\/span><\/div>\n<div class=\"MsoNormal\" style=\"line-height: 150%; margin-bottom: .0001pt; margin-bottom: 0cm; text-align: justify;\">\n<\/div>\n<div class=\"separator\" style=\"clear: both; text-align: center;\">\n<a href=\"http:\/\/www.swiattoli.pl\/wp-content\/uploads\/2018\/12\/49119121_10214600709983777_1308750210960195584_n.jpg\" imageanchor=\"1\" style=\"margin-left: 1em; margin-right: 1em;\"><img loading=\"lazy\" border=\"0\" data-original-height=\"689\" data-original-width=\"673\" height=\"640\" src=\"http:\/\/www.swiattoli.pl\/wp-content\/uploads\/2018\/12\/49119121_10214600709983777_1308750210960195584_n.jpg\" width=\"624\" \/><\/a><\/div>\n<div class=\"MsoNormal\" style=\"line-height: 150%; margin-bottom: .0001pt; margin-bottom: 0cm; text-align: justify;\">\n<span style=\"background: white; color: #111111; font-family: &quot;Arial&quot;,&quot;sans-serif&quot;; font-size: 14.0pt; line-height: 150%;\"><br \/><\/span><\/div>\n<div class=\"MsoNormal\" style=\"line-height: 150%; margin-bottom: .0001pt; margin-bottom: 0cm; text-align: justify;\">\n<span style=\"background: white; color: black; font-family: &quot;Arial&quot;,&quot;sans-serif&quot;; font-size: 14.0pt; line-height: 150%;\">Dziewczynka<br \/>\nopisuje, \u017ce pocz\u0105tkowo marzy\u0142a \u017ceby mie\u0107 czarodziejski o\u0142\u00f3wek pozwalaj\u0105cy jej zdzia\u0142a\u0107<br \/>\nwiele dobrego, ka\u017cdej nocy \u017cyczy\u0142a sobie znale\u017a\u0107 taki o\u0142\u00f3wek, ale rankiem<br \/>\nokazywa\u0142o si\u0119, \u017ce jednak go nie ma. Pewnego dnia, wyrzucaj\u0105c \u015bmieci zobaczy\u0142a<br \/>\ndzieci, kt\u00f3re tam szuka\u0142y czego\u015b, co mo\u017ce pom\u00f3c wy\u017cywi\u0107 ich rodziny. Po<br \/>\nrozmowie z tat\u0105 dowiedzia\u0142a si\u0119, \u017ce te dzieci nie chodz\u0105 do szko\u0142y, bo nie maj\u0105<br \/>\ntakiej mo\u017cliwo\u015bci. Z czasem zasz\u0142y zmiany \u2013 zakazano dziewczynkom chodzenia do<br \/>\nszko\u0142y. Malala postanowi\u0142a o tym opowiedzie\u0107 \u015bwiatu, walczy\u0107 z niesprawiedliwo\u015bci\u0105.<br \/>\n<\/span><\/div>\n<div class=\"MsoNormal\" style=\"line-height: 150%; margin-bottom: .0001pt; margin-bottom: 0cm; text-align: justify;\">\n<\/div>\n<div class=\"separator\" style=\"clear: both; text-align: center;\">\n<a href=\"http:\/\/www.swiattoli.pl\/wp-content\/uploads\/2018\/12\/49046491_10214600707623718_7539083071081938944_n.jpg\" imageanchor=\"1\" style=\"margin-left: 1em; margin-right: 1em;\"><img loading=\"lazy\" border=\"0\" data-original-height=\"600\" data-original-width=\"800\" height=\"480\" src=\"http:\/\/www.swiattoli.pl\/wp-content\/uploads\/2018\/12\/49046491_10214600707623718_7539083071081938944_n.jpg\" width=\"640\" \/><\/a><\/div>\n<div class=\"MsoNormal\" style=\"line-height: 150%; margin-bottom: .0001pt; margin-bottom: 0cm; text-align: justify;\">\n<span style=\"background: white; color: black; font-family: &quot;Arial&quot;,&quot;sans-serif&quot;; font-size: 14.0pt; line-height: 150%;\"><br \/><\/span><\/div>\n<div class=\"MsoNormal\" style=\"line-height: 150%; margin-bottom: .0001pt; margin-bottom: 0cm; text-align: justify;\">\n<b style=\"mso-bidi-font-weight: normal;\"><i style=\"mso-bidi-font-style: normal;\"><span style=\"background: white; color: black; font-family: &quot;Arial&quot;,&quot;sans-serif&quot;; font-size: 14.0pt; line-height: 150%;\">Jedno<br \/>\ndziecko, jeden nauczyciel, jedna ksi\u0105\u017cka i jeden d\u0142ugopis \u2013 tyle wystarczy, aby<br \/>\nzmieni\u0107 \u015bwiat.<\/span><\/i><\/b><\/div>\n<div class=\"MsoNormal\" style=\"line-height: 150%; margin-bottom: .0001pt; margin-bottom: 0cm; text-align: justify;\">\n<\/div>\n<div class=\"separator\" style=\"clear: both; text-align: center;\">\n<a href=\"http:\/\/www.swiattoli.pl\/wp-content\/uploads\/2018\/12\/49028197_10214600706783697_6367767995367817216_n.jpg\" imageanchor=\"1\" style=\"margin-left: 1em; margin-right: 1em;\"><img loading=\"lazy\" border=\"0\" data-original-height=\"600\" data-original-width=\"800\" height=\"480\" src=\"http:\/\/www.swiattoli.pl\/wp-content\/uploads\/2018\/12\/49028197_10214600706783697_6367767995367817216_n.jpg\" width=\"640\" \/><\/a><\/div>\n<div class=\"MsoNormal\" style=\"line-height: 150%; margin-bottom: .0001pt; margin-bottom: 0cm; text-align: justify;\">\n<b style=\"mso-bidi-font-weight: normal;\"><i style=\"mso-bidi-font-style: normal;\"><span style=\"background: white; color: black; font-family: &quot;Arial&quot;,&quot;sans-serif&quot;; font-size: 14.0pt; line-height: 150%;\"><br \/><\/span><\/i><\/b><\/div>\n<div class=\"MsoNormal\" style=\"line-height: 150%; margin-bottom: .0001pt; margin-bottom: 0cm; text-align: justify;\">\n<span style=\"background: white; color: black; font-family: &quot;Arial&quot;,&quot;sans-serif&quot;; font-size: 14.0pt; line-height: 150%;\">To niezwyk\u0142a<br \/>\npozycja, o poczuciu bezsilno\u015bci, ale i sile, o trosce i odwadze, gdzie \u017cycie<br \/>\nnie jest proste, a dzieci nie maj\u0105 beztroskiego dzieci\u0144stwa. Bohaterka jest<br \/>\nwzorem do na\u015bladowania nie tylko przez dzieci, ale i doros\u0142ych, udowadnia, \u017ce<br \/>\nnawet g\u0142os dziecka, potrafi przebi\u0107 si\u0119 przez najgrubszy mur i brzmie\u0107 g\u0142o\u015bno,<br \/>\nzmieniaj\u0105c \u015bwiat, trzeba si\u0119 tylko odwa\u017cy\u0107 walczy\u0107 o swoje racje i przekonania,<br \/>\nnic nie jest nas w stanie powstrzyma\u0107, gdy tylko czego\u015b bardzo chcemy.<\/span><\/div>\n<div class=\"separator\" style=\"clear: both; text-align: center;\">\n<a href=\"http:\/\/www.swiattoli.pl\/wp-content\/uploads\/2018\/12\/49097819_10214600704023628_3527363800191729664_n.jpg\" imageanchor=\"1\" style=\"margin-left: 1em; margin-right: 1em;\"><img loading=\"lazy\" border=\"0\" data-original-height=\"600\" data-original-width=\"800\" height=\"480\" src=\"http:\/\/www.swiattoli.pl\/wp-content\/uploads\/2018\/12\/49097819_10214600704023628_3527363800191729664_n.jpg\" width=\"640\" \/><\/a><\/div>\n<div style=\"text-align: center;\">\n<b><span style=\"font-size: large;\"><br \/><\/span><\/b><\/div>\n<div style=\"text-align: center;\">\n<b><span style=\"font-size: large;\"><a href=\"https:\/\/wydawnictwo-tekturka.pl\/glowna\/31-malala-i-jej-czarodziejski-olowek.html\" target=\"_blank\" rel=\"noopener noreferrer\">Tutaj kupisz<\/a><\/span><\/b><\/div>\n<div style=\"text-align: center;\">\n<b><br \/><\/b><\/div>\n<div class=\"separator\" style=\"clear: both; text-align: center;\">\n<a href=\"http:\/\/www.swiattoli.pl\/wp-content\/uploads\/2018\/12\/wydawnictwo-tekturka-logo-1468928206.png\" imageanchor=\"1\" style=\"margin-left: 1em; margin-right: 1em;\"><img border=\"0\" data-original-height=\"80\" data-original-width=\"80\" src=\"http:\/\/www.swiattoli.pl\/wp-content\/uploads\/2018\/12\/wydawnictwo-tekturka-logo-1468928206.png\" \/><\/a><\/div>\n","protected":false},"excerpt":{"rendered":"<p>Malala Yousafzai&nbsp;to niezwyk\u0142a dziewczynka, kt\u00f3ra w 2009 roku pod pseudonimem Gul Makai zacz\u0119\u0142a pisa\u0107 bloga, na kt\u00f3rym walczy\u0142a o wolno\u015b\u0107 edukacji dla dziewcz\u0105t, gdy\u017c w jej kraju zakazano ucz\u0119szczania do szk\u00f3\u0142 dziewcz\u0119tom. Donosi\u0142a o zamykaniu przez talib\u00f3w szk\u00f3\u0142 i wprowadzanych zakazach. W 2012 roku zosta\u0142a przez nich postrzelona i cudem prze\u017cy\u0142a zamach. Doda\u0142o jej to &hellip;<\/p>\n","protected":false},"author":2,"featured_media":0,"comment_status":"open","ping_status":"open","sticky":false,"template":"","format":"standard","meta":[],"categories":[2,3,4,1],"tags":[],"_links":{"self":[{"href":"http:\/\/www.swiattoli.pl\/index.php?rest_route=\/wp\/v2\/posts\/200"}],"collection":[{"href":"http:\/\/www.swiattoli.pl\/index.php?rest_route=\/wp\/v2\/posts"}],"about":[{"href":"http:\/\/www.swiattoli.pl\/index.php?rest_route=\/wp\/v2\/types\/post"}],"author":[{"embeddable":true,"href":"http:\/\/www.swiattoli.pl\/index.php?rest_route=\/wp\/v2\/users\/2"}],"replies":[{"embeddable":true,"href":"http:\/\/www.swiattoli.pl\/index.php?rest_route=%2Fwp%2Fv2%2Fcomments&post=200"}],"version-history":[{"count":1,"href":"http:\/\/www.swiattoli.pl\/index.php?rest_route=\/wp\/v2\/posts\/200\/revisions"}],"predecessor-version":[{"id":3396,"href":"http:\/\/www.swiattoli.pl\/index.php?rest_route=\/wp\/v2\/posts\/200\/revisions\/3396"}],"wp:attachment":[{"href":"http:\/\/www.swiattoli.pl\/index.php?rest_route=%2Fwp%2Fv2%2Fmedia&parent=200"}],"wp:term":[{"taxonomy":"category","embeddable":true,"href":"http:\/\/www.swiattoli.pl\/index.php?rest_route=%2Fwp%2Fv2%2Fcategories&post=200"},{"taxonomy":"post_tag","embeddable":true,"href":"http:\/\/www.swiattoli.pl\/index.php?rest_route=%2Fwp%2Fv2%2Ftags&post=200"}],"curies":[{"name":"wp","href":"https:\/\/api.w.org\/{rel}","templated":true}]}}