{"id":197,"date":"2019-01-01T07:00:00","date_gmt":"2019-01-01T07:00:00","guid":{"rendered":"http:\/\/www.swiattoli.pl\/?p=197"},"modified":"2020-02-07T12:46:57","modified_gmt":"2020-02-07T12:46:57","slug":"piesn-o-bernardetcie-wydawnictwo-promic","status":"publish","type":"post","link":"http:\/\/www.swiattoli.pl\/?p=197","title":{"rendered":"\u201ePie\u015b\u0144 o Bernadetcie\u201d  Wydawnictwo Promic, niesamowita opowie\u015b\u0107"},"content":{"rendered":"<p><\/p>\n<div class=\"MsoNormal\" style=\"line-height: 150%; margin-bottom: .0001pt; margin-bottom: 0cm; text-align: justify;\">\n<span style=\"background-color: white; color: black; font-family: &quot;arial&quot; , sans-serif; font-size: 14pt; line-height: 150%;\">Pami\u0119tam, gdy<br \/>\nb\u0119d\u0105c dzieckiem obejrza\u0142am film <a href=\"http:\/\/wydawnictwo.pl\/pl\/p\/Piesn-o-Bernadetcie\/4406\" target=\"_blank\" rel=\"noopener noreferrer\">\u201ePie\u015b\u0144 o Bernadetcie\u201d<\/a> w wersji czarno &#8211; bia\u0142ej.<br \/>\nNiesamowicie mi si\u0119 spodoba\u0142 i ogl\u0105da\u0142am go jeszcze wielokrotnie, dlatego gdy<br \/>\nzobaczy\u0142am ksi\u0105\u017ck\u0119 o tym samym tytule, wydan\u0105 przez <a href=\"http:\/\/wydawnictwo.pl\/\" target=\"_blank\" rel=\"noopener noreferrer\">Wydawnictwo Promic<\/a>,<br \/>\nzapragn\u0119\u0142am j\u0105 przeczyta\u0107.<\/span><\/div>\n<div class=\"MsoNormal\" style=\"line-height: 150%; margin-bottom: .0001pt; margin-bottom: 0cm; text-align: justify;\">\n<span style=\"background-color: white; color: black; font-family: &quot;arial&quot; , sans-serif; font-size: 14pt; line-height: 150%;\"><br \/><\/span><\/div>\n<div class=\"separator\" style=\"clear: both; text-align: center;\">\n<a href=\"http:\/\/www.swiattoli.pl\/wp-content\/uploads\/2019\/01\/49791380_10214622647412199_3010573037121568768_n.jpg\" imageanchor=\"1\" style=\"margin-left: 1em; margin-right: 1em;\"><img loading=\"lazy\" border=\"0\" data-original-height=\"800\" data-original-width=\"549\" height=\"640\" src=\"http:\/\/www.swiattoli.pl\/wp-content\/uploads\/2019\/01\/49791380_10214622647412199_3010573037121568768_n.jpg\" width=\"438\" \/><\/a><\/div>\n<div class=\"MsoNormal\" style=\"line-height: 150%; margin-bottom: .0001pt; margin-bottom: 0cm; text-align: justify;\">\n<span style=\"background-color: white; color: black; font-family: &quot;arial&quot; , sans-serif; font-size: 14pt; line-height: 150%;\"><br \/><\/span><\/div>\n<div class=\"MsoNormal\" style=\"line-height: 150%; margin-bottom: .0001pt; margin-bottom: 0cm; text-align: justify;\">\n<span style=\"background-color: white; color: black; font-family: &quot;arial&quot; , sans-serif; font-size: 14pt; line-height: 150%;\">\u201ePie\u015b\u0144 o<br \/>\nBernadetcie\u201d stanowi votum Franciszka Werfela za wybawienie jego i \u017cony z<br \/>\nbeznadziejnego po\u0142o\u017cenia podczas II wojny \u015bwiatowej. Pisarz w tym czasie trafi\u0142<br \/>\ndo Lourdes, tam pozna\u0142 histori\u0119 Bernadetty Soubirous i cudownych uzdrowie\u0144. <\/span><\/div>\n<div class=\"MsoNormal\" style=\"line-height: 150%; margin-bottom: .0001pt; margin-bottom: 0cm; text-align: justify;\">\n<span style=\"background-color: white; color: black; font-family: &quot;arial&quot; , sans-serif; font-size: 14pt; line-height: 150%;\"><br \/><\/span><\/div>\n<div class=\"MsoNormal\" style=\"line-height: 150%; margin-bottom: .0001pt; margin-bottom: 0cm; text-align: justify;\">\n<span style=\"background-color: white; color: black; font-family: &quot;arial&quot; , sans-serif; font-size: 14pt; line-height: 150%;\">Historia opowiada<span style=\"mso-spacerun: yes;\">&nbsp; <\/span>o Bernadetcie Soubirous, c\u00f3rce zubo\u017ca\u0142ego<br \/>\nm\u0142ynarza, chorowitej dziewczynce, kt\u00f3ra w czasie wyprawy po chrust, w grocie<br \/>\nMassabielle spostrzega pi\u0119kn\u0105 pani\u0105. To pocz\u0105tek wydarze\u0144, kt\u00f3re zmieni\u0142o<br \/>\noblicze ko\u015bcio\u0142a i wp\u0142yn\u0119\u0142o na miasteczko i jego mieszka\u0144c\u00f3w. Historia przedstawiona<br \/>\nz r\u00f3\u017cnych punkt\u00f3w widzenia z naciskiem na w\u0105tpliwo\u015bci i przeszkody, kt\u00f3re<br \/>\npi\u0119trzy\u0142y si\u0119 przed Bernadett\u0105 i jej Pi\u0119kn\u0105 Pani\u0105. Bernadeta chcia\u0142a tylko by\u0107<br \/>\njak najbli\u017cej Pi\u0119knej Pani, wykonuj\u0105c pos\u0142usznie jej polecenia. Ta prosta, mo\u017ce<br \/>\nlekko nierozgarni\u0119ta dziewczyna, skupi\u0142a na sobie uwag\u0119, czego w zasadzie sama nie<br \/>\nrozumia\u0142a, bo to nie ona przecie\u017c by\u0142a najwa\u017cniejsza. Co istotne, nigdy nie<br \/>\nm\u00f3wi\u0142a, \u017ce widzia\u0142a Matk\u0119 Bosk\u0105. Ko\u015bci\u00f3\u0142 i mieszka\u0144cy nie mogli poj\u0105\u0107 jak to si\u0119<br \/>\nsta\u0142o, \u017ce taka osoba dost\u0105pi\u0142a takiego zaszczytu, przecie\u017c to by\u0142o niemo\u017cliwe.<\/span><\/div>\n<div class=\"MsoNormal\" style=\"line-height: 150%; margin-bottom: .0001pt; margin-bottom: 0cm; text-align: justify;\">\n<span style=\"background-color: white; color: black; font-family: &quot;arial&quot; , sans-serif; font-size: 14pt; line-height: 150%;\"><br \/><\/span><\/div>\n<div class=\"MsoNormal\" style=\"line-height: 150%; margin-bottom: .0001pt; margin-bottom: 0cm; text-align: justify;\">\n<span style=\"background-color: white; color: black; font-family: &quot;arial&quot; , sans-serif; font-size: 14pt; line-height: 150%;\">Ksi\u0105\u017cka napisana w formie relacji<br \/>\nwydarze\u0144, przez niekatolickiego autora, kt\u00f3ry nie zag\u0142\u0119bia si\u0119 w tajniki wiary,<br \/>\nlecz <span style=\"background-attachment: initial; background-clip: initial; background-image: initial; background-origin: initial; background-position: initial; background-repeat: initial; background-size: initial;\">tworzy portret psychologiczny ludzi uczestnicz\u0105cych<br \/>\nw wydarzeniach. <\/span><\/span><\/div>\n<div class=\"MsoNormal\" style=\"line-height: 150%; margin-bottom: .0001pt; margin-bottom: 0cm; text-align: justify;\">\n<span style=\"background-color: white; color: black; font-family: &quot;arial&quot; , sans-serif; font-size: 14pt; line-height: 150%;\"><span style=\"background-attachment: initial; background-clip: initial; background-image: initial; background-origin: initial; background-position: initial; background-repeat: initial; background-size: initial;\"><br \/><\/span><\/span><\/div>\n<div class=\"MsoNormal\" style=\"line-height: 150%; margin-bottom: .0001pt; margin-bottom: 0cm; text-align: justify;\">\n<span style=\"background-color: white;\"><span style=\"color: black; font-family: &quot;arial&quot; , sans-serif; font-size: 14pt; line-height: 150%;\">Pozycja dla<br \/>\nwierz\u0105cych i ateist\u00f3w, bo to wspania\u0142a historia wydarze\u0144, przemy\u015ble\u0144,<br \/>\nrefleksji. Pobudzaj\u0105ca, ale i wymagaj\u0105ca lektura, kt\u00f3ra na pewno nie zawiedzie.<br \/>\n<\/span><span style=\"font-family: &quot;arial&quot; , &quot;sans-serif&quot;; font-size: 14.0pt; line-height: 150%;\"><\/span><\/span><\/div>\n<div class=\"separator\" style=\"clear: both; text-align: center;\">\n<a href=\"https:\/\/3.bp.blogspot.com\/-hCFWn2anv3I\/XCplGHRtzUI\/AAAAAAAANMw\/6_GmtOIRBWIU7AeID_dEwGSmnLmlJMb9QCLcBGAs\/s1600\/logo%2B%25281%2529.png\" imageanchor=\"1\" style=\"margin-left: 1em; margin-right: 1em;\"><img loading=\"lazy\" border=\"0\" data-original-height=\"99\" data-original-width=\"240\" height=\"82\" src=\"http:\/\/www.swiattoli.pl\/wp-content\/uploads\/2019\/01\/logo28129.png\" width=\"200\" \/><\/a><\/div>\n","protected":false},"excerpt":{"rendered":"<p>Pami\u0119tam, gdy b\u0119d\u0105c dzieckiem obejrza\u0142am film \u201ePie\u015b\u0144 o Bernadetcie\u201d w wersji czarno &#8211; bia\u0142ej. Niesamowicie mi si\u0119 spodoba\u0142 i ogl\u0105da\u0142am go jeszcze wielokrotnie, dlatego gdy zobaczy\u0142am ksi\u0105\u017ck\u0119 o tym samym tytule, wydan\u0105 przez Wydawnictwo Promic, zapragn\u0119\u0142am j\u0105 przeczyta\u0107. \u201ePie\u015b\u0144 o Bernadetcie\u201d stanowi votum Franciszka Werfela za wybawienie jego i \u017cony z beznadziejnego po\u0142o\u017cenia podczas II &hellip;<\/p>\n","protected":false},"author":2,"featured_media":0,"comment_status":"open","ping_status":"open","sticky":false,"template":"","format":"standard","meta":[],"categories":[2,3,4,1],"tags":[],"_links":{"self":[{"href":"http:\/\/www.swiattoli.pl\/index.php?rest_route=\/wp\/v2\/posts\/197"}],"collection":[{"href":"http:\/\/www.swiattoli.pl\/index.php?rest_route=\/wp\/v2\/posts"}],"about":[{"href":"http:\/\/www.swiattoli.pl\/index.php?rest_route=\/wp\/v2\/types\/post"}],"author":[{"embeddable":true,"href":"http:\/\/www.swiattoli.pl\/index.php?rest_route=\/wp\/v2\/users\/2"}],"replies":[{"embeddable":true,"href":"http:\/\/www.swiattoli.pl\/index.php?rest_route=%2Fwp%2Fv2%2Fcomments&post=197"}],"version-history":[{"count":1,"href":"http:\/\/www.swiattoli.pl\/index.php?rest_route=\/wp\/v2\/posts\/197\/revisions"}],"predecessor-version":[{"id":3412,"href":"http:\/\/www.swiattoli.pl\/index.php?rest_route=\/wp\/v2\/posts\/197\/revisions\/3412"}],"wp:attachment":[{"href":"http:\/\/www.swiattoli.pl\/index.php?rest_route=%2Fwp%2Fv2%2Fmedia&parent=197"}],"wp:term":[{"taxonomy":"category","embeddable":true,"href":"http:\/\/www.swiattoli.pl\/index.php?rest_route=%2Fwp%2Fv2%2Fcategories&post=197"},{"taxonomy":"post_tag","embeddable":true,"href":"http:\/\/www.swiattoli.pl\/index.php?rest_route=%2Fwp%2Fv2%2Ftags&post=197"}],"curies":[{"name":"wp","href":"https:\/\/api.w.org\/{rel}","templated":true}]}}