{"id":176,"date":"2019-02-16T07:00:00","date_gmt":"2019-02-16T07:00:00","guid":{"rendered":"http:\/\/www.swiattoli.pl\/?p=176"},"modified":"2020-02-07T12:47:48","modified_gmt":"2020-02-07T12:47:48","slug":"hilda-i-ukryjcy-recenzja","status":"publish","type":"post","link":"http:\/\/www.swiattoli.pl\/?p=176","title":{"rendered":"Hilda i Ukryjcy &#8211; recenzja"},"content":{"rendered":"<p><\/p>\n<div class=\"MsoNormal\" style=\"line-height: 150%; margin-bottom: .0001pt; margin-bottom: 0cm; text-align: justify;\">\n<span style=\"font-family: &quot;Arial&quot;,&quot;sans-serif&quot;; font-size: 14.0pt; line-height: 150%;\">Tytu\u0142owa Hilda to bohaterka, z kt\u00f3r\u0105 mogli\u015bmy<br \/>\nsi\u0119 spotka\u0107 w komiksach, a tak\u017ce w serialu zrealizowanym dla Netflix, a teraz w<br \/>\npierwszej cz\u0119\u015bci cyklu ksi\u0105\u017ckowego.&nbsp;<\/span><\/div>\n<div class=\"MsoNormal\" style=\"line-height: 150%; margin-bottom: .0001pt; margin-bottom: 0cm; text-align: justify;\">\n<span style=\"font-family: &quot;Arial&quot;,&quot;sans-serif&quot;; font-size: 14.0pt; line-height: 150%;\"><br \/><\/span><\/div>\n<div class=\"separator\" style=\"clear: both; text-align: center;\">\n<a href=\"http:\/\/www.swiattoli.pl\/wp-content\/uploads\/2019\/02\/51804047_10214907181965385_5882925453903134720_n.jpg\" imageanchor=\"1\" style=\"margin-left: 1em; margin-right: 1em;\"><img loading=\"lazy\" border=\"0\" data-original-height=\"800\" data-original-width=\"600\" height=\"640\" src=\"http:\/\/www.swiattoli.pl\/wp-content\/uploads\/2019\/02\/51804047_10214907181965385_5882925453903134720_n.jpg\" width=\"480\" \/><\/a><\/div>\n<div class=\"MsoNormal\" style=\"line-height: 150%; margin-bottom: .0001pt; margin-bottom: 0cm; text-align: justify;\">\n<span style=\"font-family: &quot;Arial&quot;,&quot;sans-serif&quot;; font-size: 14.0pt; line-height: 150%;\"><br \/><\/span><\/div>\n<div class=\"MsoNormal\" style=\"line-height: 150%; margin-bottom: .0001pt; margin-bottom: 0cm; text-align: justify;\">\n<span style=\"font-family: &quot;Arial&quot;,&quot;sans-serif&quot;; font-size: 14.0pt; line-height: 150%;\">To niebieskow\u0142osa dziewczynka mieszkaj\u0105ca w<br \/>\nma\u0142ym, drewnianym domku razem z mam\u0105 i lisojeleniem \u2013 Ro\u017ckiem. To \u015bwiat pe\u0142en<br \/>\nmagii, fantastyki i tajemnic. Dziewczynka b\u0119dzie musia\u0142a stoczy\u0107 prawdziw\u0105<br \/>\nwalk\u0119 z niewidzialnymi istotkami, kt\u00f3re chc\u0119 pozby\u0107 si\u0119 Hildy i mamy z ich domu.<br \/>\nMusi ona znale\u017a\u0107 spos\u00f3b by pozosta\u0107 w swoim ukochanym miejscu, blisko przyrody.<br \/>\nNa swej drodze spotyka trolla zamienionego w kamie\u0144, pomaga prastarym<br \/>\nolbrzymom, odnajduje te\u017c olbrzymie \u015blady. Kto je zostawi\u0142? To dopiero pocz\u0105tek<br \/>\nwielkiej przygody dziewczynki.<\/span><\/div>\n<div class=\"MsoNormal\" style=\"line-height: 150%; margin-bottom: .0001pt; margin-bottom: 0cm; text-align: justify;\">\n<span style=\"font-family: &quot;Arial&quot;,&quot;sans-serif&quot;; font-size: 14.0pt; line-height: 150%;\"><br \/><\/span><\/div>\n<div class=\"MsoNormal\" style=\"line-height: 150%; margin-bottom: .0001pt; margin-bottom: 0cm; text-align: justify;\">\n<span style=\"font-family: &quot;Arial&quot;,&quot;sans-serif&quot;; font-size: 14.0pt; line-height: 150%;\">Ksi\u0105\u017cka zwraca uwag\u0119, \u017ce tak naprawd\u0119 nie<br \/>\njest wa\u017cne, gdzie si\u0119 mieszka, ale rodzina i bliscy, \u017ce szacunek oraz emaptia<br \/>\nmaj\u0105 du\u017ce znaczenie, \u017ce trzeba chodzi\u0107 na kompromisy, \u017ce przyja\u017a\u0144 pomaga<br \/>\nprzetrwa\u0107 trudne chwile, dlaczego trzeba o ni\u0105 dba\u0107.<\/span><\/div>\n<div class=\"MsoNormal\" style=\"line-height: 150%; margin-bottom: .0001pt; margin-bottom: 0cm; text-align: justify;\">\n<span style=\"font-family: &quot;Arial&quot;,&quot;sans-serif&quot;; font-size: 14.0pt; line-height: 150%;\"><br \/><\/span><\/div>\n<div class=\"MsoNormal\" style=\"line-height: 150%; margin-bottom: .0001pt; margin-bottom: 0cm; text-align: justify;\">\n<span style=\"font-family: &quot;Arial&quot;,&quot;sans-serif&quot;; font-size: 14.0pt; line-height: 150%;\">To ksi\u0105\u017cka napisana bardzo ciekawie,<br \/>\nprzyst\u0119pnie i bardzo obrazowo. Czyta si\u0119 j\u0105 z ogromn\u0105 przyjemno\u015bci\u0105.<\/span><\/div>\n<div class=\"separator\" style=\"clear: both; text-align: center;\">\n<a href=\"https:\/\/1.bp.blogspot.com\/-HGvAt4d59UE\/XGWMPFGgE4I\/AAAAAAAAOBw\/KtJIXeyNzFcjirf-gARjOFR5MO8BiBrwACLcBGAs\/s1600\/egmont.png\" imageanchor=\"1\" style=\"margin-left: 1em; margin-right: 1em;\"><img loading=\"lazy\" border=\"0\" data-original-height=\"31\" data-original-width=\"255\" height=\"24\" src=\"http:\/\/www.swiattoli.pl\/wp-content\/uploads\/2019\/02\/egmont-1.png\" width=\"200\" \/><\/a><\/div>\n<div class=\"separator\" style=\"clear: both; text-align: center;\">\n<\/div>\n<div class=\"separator\" style=\"clear: both; text-align: center;\">\n<a href=\"https:\/\/egmont.pl\/Hilda-i-Ukryjcy,13566988,p.html\" target=\"_blank\" rel=\"noopener noreferrer\"><b><span style=\"font-size: large;\">Tutaj kupisz<\/span><\/b><\/a><\/div>\n<p><\/p>\n","protected":false},"excerpt":{"rendered":"<p>Tytu\u0142owa Hilda to bohaterka, z kt\u00f3r\u0105 mogli\u015bmy si\u0119 spotka\u0107 w komiksach, a tak\u017ce w serialu zrealizowanym dla Netflix, a teraz w pierwszej cz\u0119\u015bci cyklu ksi\u0105\u017ckowego.&nbsp; To niebieskow\u0142osa dziewczynka mieszkaj\u0105ca w ma\u0142ym, drewnianym domku razem z mam\u0105 i lisojeleniem \u2013 Ro\u017ckiem. To \u015bwiat pe\u0142en magii, fantastyki i tajemnic. Dziewczynka b\u0119dzie musia\u0142a stoczy\u0107 prawdziw\u0105 walk\u0119 z niewidzialnymi &hellip;<\/p>\n","protected":false},"author":2,"featured_media":0,"comment_status":"open","ping_status":"open","sticky":false,"template":"","format":"standard","meta":[],"categories":[2,3,4,1],"tags":[],"_links":{"self":[{"href":"http:\/\/www.swiattoli.pl\/index.php?rest_route=\/wp\/v2\/posts\/176"}],"collection":[{"href":"http:\/\/www.swiattoli.pl\/index.php?rest_route=\/wp\/v2\/posts"}],"about":[{"href":"http:\/\/www.swiattoli.pl\/index.php?rest_route=\/wp\/v2\/types\/post"}],"author":[{"embeddable":true,"href":"http:\/\/www.swiattoli.pl\/index.php?rest_route=\/wp\/v2\/users\/2"}],"replies":[{"embeddable":true,"href":"http:\/\/www.swiattoli.pl\/index.php?rest_route=%2Fwp%2Fv2%2Fcomments&post=176"}],"version-history":[{"count":1,"href":"http:\/\/www.swiattoli.pl\/index.php?rest_route=\/wp\/v2\/posts\/176\/revisions"}],"predecessor-version":[{"id":3517,"href":"http:\/\/www.swiattoli.pl\/index.php?rest_route=\/wp\/v2\/posts\/176\/revisions\/3517"}],"wp:attachment":[{"href":"http:\/\/www.swiattoli.pl\/index.php?rest_route=%2Fwp%2Fv2%2Fmedia&parent=176"}],"wp:term":[{"taxonomy":"category","embeddable":true,"href":"http:\/\/www.swiattoli.pl\/index.php?rest_route=%2Fwp%2Fv2%2Fcategories&post=176"},{"taxonomy":"post_tag","embeddable":true,"href":"http:\/\/www.swiattoli.pl\/index.php?rest_route=%2Fwp%2Fv2%2Ftags&post=176"}],"curies":[{"name":"wp","href":"https:\/\/api.w.org\/{rel}","templated":true}]}}