{"id":12,"date":"2020-01-27T07:00:00","date_gmt":"2020-01-27T07:00:00","guid":{"rendered":"http:\/\/www.swiattoli.pl\/?p=12"},"modified":"2020-02-11T11:47:35","modified_gmt":"2020-02-11T11:47:35","slug":"listy-do-przejmujaca-opowiesc-o","status":"publish","type":"post","link":"http:\/\/www.swiattoli.pl\/?p=12","title":{"rendered":"Listy do A. &#8211; przejmuj\u0105ca opowie\u015b\u0107 o Alzheimerze widzianym oczami dziecka"},"content":{"rendered":"<div class=\"MsoNormal\" style=\"line-height: 150%; margin-bottom: 0cm; text-align: justify;\"><b><span style=\"background: white; color: black; font-family: 'arial' , 'sans-serif'; font-size: 14.0pt; line-height: 150%;\">Temat, kt\u00f3ry porusza ksi\u0105\u017cka Anny Sakowicz jest bardzo trudny. Szczerze m\u00f3wi\u0105c pierwszy raz si\u0119 spotka\u0142am z chorob\u0105 Alzheimera w literaturze dzieci\u0119co \u2013 m\u0142odzie\u017cowej. <\/span><\/b><\/div>\n<div class=\"MsoNormal\" style=\"line-height: 150%; margin-bottom: 0cm; text-align: justify;\"><\/div>\n<div class=\"separator\" style=\"clear: both; text-align: center;\"><a style=\"margin-left: 1em; margin-right: 1em;\" href=\"http:\/\/www.swiattoli.pl\/wp-content\/uploads\/2020\/01\/83179032_10217395760098283_4069734538073341952_n.jpg\"><img loading=\"lazy\" src=\"http:\/\/www.swiattoli.pl\/wp-content\/uploads\/2020\/01\/83179032_10217395760098283_4069734538073341952_n.jpg\" width=\"516\" height=\"640\" border=\"0\" data-original-height=\"800\" data-original-width=\"645\" \/><\/a><\/div>\n<div class=\"MsoNormal\" style=\"line-height: 150%; margin-bottom: 0cm; text-align: justify;\"><b><span style=\"background: white; color: black; font-family: 'arial' , 'sans-serif'; font-size: 14.0pt; line-height: 150%;\">\u00a0<\/span><\/b><\/div>\n<div style=\"background: white; line-height: 150%; margin-bottom: .0001pt; margin: 0cm; text-align: justify;\"><span style=\"color: black; font-family: 'arial' , 'sans-serif'; font-size: 14.0pt; line-height: 150%;\">Na ksi\u0105\u017ck\u0119 sk\u0142adaj\u0105 si\u0119 tytu\u0142owe listy Anielki. Pewnego dnia do rodzinnego domu dziewczynki wprowadza si\u0119 babcia, a wraz z ni\u0105 tajemniczy Pan A. jest on niewidzialny i tak naprawd\u0119 mo\u017cna by pomy\u015ble\u0107, \u017ce wcale go nie ma, ale jest, codziennie towarzyszy ukochanej babci, kt\u00f3ra przez niego myli imiona domownik\u00f3w, czy wykonuje dziwne czynno\u015bci. Ka\u017cdy obwinia o to Alzheimera, kt\u00f3rego dziewczynka wyobra\u017ca sobie jako ponurego i gro\u017anego osobnika. Aby si\u0119 go pozby\u0107 z domu dziewczynka ka\u017cdego dnia pisze do<span style=\"mso-spacerun: yes;\">\u00a0 <\/span>niego listy, wsuwaj\u0105c je pod drzwiami pokoju babci, u kt\u00f3rej zamieszkuje ten niechciany lokator. To dla Anielki autoterapia, kt\u00f3ra pr\u00f3buje odnale\u017a\u0107 si\u0119 w \u015bwiecie z chorob\u0105. <\/span><\/div>\n<div style=\"background: white; line-height: 150%; margin-bottom: .0001pt; margin: 0cm; text-align: justify;\"><\/div>\n<div class=\"separator\" style=\"clear: both; text-align: center;\"><a style=\"margin-left: 1em; margin-right: 1em;\" href=\"http:\/\/www.swiattoli.pl\/wp-content\/uploads\/2020\/01\/82693292_10217395758698248_2023161932671877120_n.jpg\"><img loading=\"lazy\" src=\"http:\/\/www.swiattoli.pl\/wp-content\/uploads\/2020\/01\/82693292_10217395758698248_2023161932671877120_n.jpg\" width=\"640\" height=\"480\" border=\"0\" data-original-height=\"600\" data-original-width=\"800\" \/><\/a><\/div>\n<div class=\"separator\" style=\"clear: both; text-align: center;\"><a style=\"margin-left: 1em; margin-right: 1em;\" href=\"http:\/\/www.swiattoli.pl\/wp-content\/uploads\/2020\/01\/82788903_10217395758938254_6179400140038602752_n.jpg\"><img loading=\"lazy\" src=\"http:\/\/www.swiattoli.pl\/wp-content\/uploads\/2020\/01\/82788903_10217395758938254_6179400140038602752_n.jpg\" width=\"640\" height=\"480\" border=\"0\" data-original-height=\"600\" data-original-width=\"800\" \/><\/a><\/div>\n<div class=\"separator\" style=\"clear: both; text-align: center;\"><a style=\"margin-left: 1em; margin-right: 1em;\" href=\"http:\/\/www.swiattoli.pl\/wp-content\/uploads\/2020\/01\/82790803_10217395759578270_6022484626570739712_n.jpg\"><img loading=\"lazy\" src=\"http:\/\/www.swiattoli.pl\/wp-content\/uploads\/2020\/01\/82790803_10217395759578270_6022484626570739712_n.jpg\" width=\"640\" height=\"480\" border=\"0\" data-original-height=\"600\" data-original-width=\"800\" \/><\/a><\/div>\n<div style=\"background: white; line-height: 150%; margin-bottom: .0001pt; margin: 0cm; text-align: justify;\"><span style=\"color: black; font-family: 'arial' , 'sans-serif'; font-size: 14.0pt; line-height: 150%;\">\u00a0<\/span><\/div>\n<div style=\"background: white; line-height: 150%; margin-bottom: .0001pt; margin: 0cm; text-align: justify;\"><span style=\"color: black; font-family: 'arial' , 'sans-serif'; font-size: 14.0pt; line-height: 150%;\">Nie ka\u017cdy mia\u0142 w \u017cyciu tak trudn\u0105 sytuacj\u0119, ale wierzcie mi, to bardzo trudne i niesamowicie wyka\u0144czaj\u0105ce psychicznie. Sama tego nie do\u015bwiadczy\u0142am, ale bliska mi osoba mieszka\u0142a kilka lat z tak chor\u0105 osob\u0105. Ta ksi\u0105\u017cka opowiada histori\u0119 zagubienia, utraty pami\u0119ci, ot\u0119pienia, bezsilno\u015bci i zm\u0119czenia. To pe\u0142na emocji i prze\u017cy\u0107 opowie\u015b\u0107, gdy\u017c Alzheimer wp\u0142ywa nie tylko na chorego, ale przede wszystkim na <\/span><span style=\"font-family: 'arial' , 'sans-serif'; font-size: 14.0pt; line-height: 150%;\">najbli\u017cszych, kt\u00f3rych \u017cycie zmienia si\u0119 ca\u0142kowicie i to wcale nie<span style=\"mso-spacerun: yes;\">\u00a0 <\/span>na lepsze, staje wr\u0119cz na g\u0142owie.<\/span><\/div>\n<div style=\"background: white; line-height: 150%; margin-bottom: .0001pt; margin: 0cm; text-align: justify;\"><\/div>\n<div style=\"background: white; line-height: 150%; margin-bottom: .0001pt; margin: 0cm; text-align: justify;\"><span style=\"font-family: 'arial' , 'sans-serif'; font-size: 14.0pt; line-height: 150%;\">Zako\u0144czenie ksi\u0105\u017cki jest niesamowite, bo Pan A. odpisuje wreszcie Anielce. Jak my\u015blicie, kto za tym stoi?\u00a0<\/span><\/div>\n<div style=\"background: white; line-height: 150%; margin-bottom: .0001pt; margin: 0cm; text-align: justify;\"><\/div>\n<div style=\"background-attachment: initial; background-clip: initial; background-image: initial; background-origin: initial; background-position: initial; background-repeat: initial; background-size: initial; line-height: 150%; margin: 0cm 0cm 0.0001pt; text-align: justify;\"><strong style=\"background-color: white;\"><i><span style=\"border: none 1.0pt; font-family: 'arial' , 'sans-serif'; font-size: 14.0pt; line-height: 150%; padding: 0cm;\"><a href=\"https:\/\/sklep.poradniak.pl\/kategoria\/nowosci\/listy-do-a-anna-sakowicz\" target=\"_blank\" rel=\"noopener noreferrer\">,,Listy do A.\u201d<\/a>\u00a0<\/span><\/i><\/strong><strong><span style=\"background-color: white; border: 1pt none; font-family: 'arial' , sans-serif; font-size: 14pt; line-height: 150%; padding: 0cm;\">to przejmuj\u0105ca opowie\u015b\u0107, gdzie najwa\u017cniejszym przes\u0142aniem pozostaje to, \u017ce zawsze warto okazywa\u0107 sobie mi\u0142o\u015b\u0107 oraz by\u0107 razem i wspiera\u0107 si\u0119 jako rodzina.<\/span><\/strong><\/div>\n<div style=\"background-attachment: initial; background-clip: initial; background-image: initial; background-origin: initial; background-position: initial; background-repeat: initial; background-size: initial; line-height: 150%; margin: 0cm 0cm 0.0001pt; text-align: justify;\"><\/div>\n<div style=\"background: white; line-height: 150%; margin-bottom: .0001pt; margin: 0cm; text-align: justify;\"><span style=\"font-family: 'arial' , 'sans-serif'; font-size: 14.0pt; line-height: 150%;\">Sama oprawa ksi\u0105\u017cki bardzo przyjemna, twarda ok\u0142adka, retro rysunki, klimatyczne.<\/span><\/div>\n<div class=\"separator\" style=\"clear: both; text-align: center;\"><a style=\"margin-left: 1em; margin-right: 1em;\" href=\"https:\/\/1.bp.blogspot.com\/-Qe-QTu3BxQk\/XiidQTGZ4nI\/AAAAAAAATFs\/t07Bm9HW4mM5wEaNx8FX1amEaOg3GGrMQCEwYBhgL\/s1600\/poradnia-k-logo.jpg\"><img loading=\"lazy\" src=\"http:\/\/www.swiattoli.pl\/wp-content\/uploads\/2020\/01\/poradnia-k-logo-2.jpg\" width=\"200\" height=\"100\" border=\"0\" data-original-height=\"150\" data-original-width=\"300\" \/><\/a><\/div>\n","protected":false},"excerpt":{"rendered":"<p>Temat, kt\u00f3ry porusza ksi\u0105\u017cka Anny Sakowicz jest bardzo trudny. Szczerze m\u00f3wi\u0105c pierwszy raz si\u0119 spotka\u0142am z chorob\u0105 Alzheimera w literaturze dzieci\u0119co \u2013 m\u0142odzie\u017cowej. \u00a0 Na ksi\u0105\u017ck\u0119 sk\u0142adaj\u0105 si\u0119 tytu\u0142owe listy Anielki. Pewnego dnia do rodzinnego domu dziewczynki wprowadza si\u0119 babcia, a wraz z ni\u0105 tajemniczy Pan A. jest on niewidzialny i tak naprawd\u0119 mo\u017cna by &hellip;<\/p>\n","protected":false},"author":2,"featured_media":4943,"comment_status":"open","ping_status":"open","sticky":false,"template":"","format":"standard","meta":[],"categories":[2,3,4,1],"tags":[],"_links":{"self":[{"href":"http:\/\/www.swiattoli.pl\/index.php?rest_route=\/wp\/v2\/posts\/12"}],"collection":[{"href":"http:\/\/www.swiattoli.pl\/index.php?rest_route=\/wp\/v2\/posts"}],"about":[{"href":"http:\/\/www.swiattoli.pl\/index.php?rest_route=\/wp\/v2\/types\/post"}],"author":[{"embeddable":true,"href":"http:\/\/www.swiattoli.pl\/index.php?rest_route=\/wp\/v2\/users\/2"}],"replies":[{"embeddable":true,"href":"http:\/\/www.swiattoli.pl\/index.php?rest_route=%2Fwp%2Fv2%2Fcomments&post=12"}],"version-history":[{"count":3,"href":"http:\/\/www.swiattoli.pl\/index.php?rest_route=\/wp\/v2\/posts\/12\/revisions"}],"predecessor-version":[{"id":4944,"href":"http:\/\/www.swiattoli.pl\/index.php?rest_route=\/wp\/v2\/posts\/12\/revisions\/4944"}],"wp:featuredmedia":[{"embeddable":true,"href":"http:\/\/www.swiattoli.pl\/index.php?rest_route=\/wp\/v2\/media\/4943"}],"wp:attachment":[{"href":"http:\/\/www.swiattoli.pl\/index.php?rest_route=%2Fwp%2Fv2%2Fmedia&parent=12"}],"wp:term":[{"taxonomy":"category","embeddable":true,"href":"http:\/\/www.swiattoli.pl\/index.php?rest_route=%2Fwp%2Fv2%2Fcategories&post=12"},{"taxonomy":"post_tag","embeddable":true,"href":"http:\/\/www.swiattoli.pl\/index.php?rest_route=%2Fwp%2Fv2%2Ftags&post=12"}],"curies":[{"name":"wp","href":"https:\/\/api.w.org\/{rel}","templated":true}]}}