{"id":114,"date":"2019-07-14T10:53:00","date_gmt":"2019-07-14T10:53:00","guid":{"rendered":"http:\/\/www.swiattoli.pl\/?p=114"},"modified":"2020-02-07T12:51:47","modified_gmt":"2020-02-07T12:51:47","slug":"tantum-natura-pastylki-do-ssania-z","status":"publish","type":"post","link":"http:\/\/www.swiattoli.pl\/?p=114","title":{"rendered":"Tantum Natura pastylki do ssania z propolisem"},"content":{"rendered":"<p><\/p>\n<div class=\"MsoNormal\" style=\"line-height: 150%; margin-bottom: .0001pt; margin-bottom: 0cm; text-align: justify;\">\n<span style=\"font-family: &quot;Arial&quot;,&quot;sans-serif&quot;; font-size: 14.0pt; line-height: 150%;\">Ostatnio <span style=\"mso-spacerun: yes;\">&nbsp;<\/span>wesz\u0142am w posiadanie pastylek do ssania w<br \/>\nprzypadku chrypy marki Tantum Natura. Pomy\u015bla\u0142am, poczekaj\u0105 na ch\u0142odniejsze<br \/>\ndni, to je przetestuj\u0119, bo latem to raczej chrypka mi nie grozi. Myli\u0142am si\u0119. Zmiany<br \/>\npogody i du\u017cy spadek temperatury sprawi\u0142y, \u017ce chrypka pojawi\u0142a si\u0119 nieoczekiwanie.<br \/>\nUzna\u0142am, \u017ce to<span style=\"mso-spacerun: yes;\">&nbsp; <\/span>\u015bwietny moment na<br \/>\nsprawdzenie wy\u017cej wspomnianych pastylek. By\u0142 to strza\u0142 w dziesi\u0105tk\u0119!!! <\/span><\/div>\n<div class=\"MsoNormal\" style=\"line-height: 150%; margin-bottom: .0001pt; margin-bottom: 0cm; text-align: justify;\">\n<\/div>\n<div class=\"separator\" style=\"clear: both; text-align: center;\">\n<a href=\"http:\/\/www.swiattoli.pl\/wp-content\/uploads\/2019\/07\/66798881_10215883627935924_60934642353569792_n.jpg\" imageanchor=\"1\" style=\"margin-left: 1em; margin-right: 1em;\"><img loading=\"lazy\" border=\"0\" data-original-height=\"800\" data-original-width=\"600\" height=\"640\" src=\"http:\/\/www.swiattoli.pl\/wp-content\/uploads\/2019\/07\/66798881_10215883627935924_60934642353569792_n.jpg\" width=\"480\" \/><\/a><\/div>\n<div class=\"MsoNormal\" style=\"line-height: 150%; margin-bottom: .0001pt; margin-bottom: 0cm; text-align: justify;\">\n<span style=\"font-family: &quot;Arial&quot;,&quot;sans-serif&quot;; font-size: 14.0pt; line-height: 150%;\"><br \/><\/span><\/div>\n<div class=\"MsoNormal\" style=\"line-height: 150%; margin-bottom: .0001pt; margin-bottom: 0cm; text-align: justify;\">\n<span style=\"font-family: &quot;Arial&quot;,&quot;sans-serif&quot;; font-size: 14.0pt; line-height: 150%;\">Chrypka to nie jest co\u015b, co nale\u017cy<br \/>\nbagatelizowa\u0107, powstaje w wyniku uszkodzenia fa\u0142d g\u0142osowych i mi\u0119\u015bni krtani. To<br \/>\nwszystko przyczynia si\u0119 do szorstko\u015bci g\u0142osu, kt\u00f3rej towarzyszy sucho\u015b\u0107 i<br \/>\ndrapanie. G\u0142os przybiera chropowat\u0105, matowa barw\u0119, cz\u0119sto zanika. Zwykle towarzyszy<br \/>\ntemu b\u00f3l gard\u0142a, zaczerwienienie i trudno\u015bci z prze\u0142ykaniem. Stan taki mo\u017ce wywo\u0142a\u0107<br \/>\nzmiana temperatury, ogrzewanie, klimatyzacja.<\/span><\/div>\n<div class=\"MsoNormal\" style=\"line-height: 150%; margin-bottom: .0001pt; margin-bottom: 0cm; text-align: justify;\">\n<\/div>\n<div class=\"MsoNormal\" style=\"line-height: 150%; margin-bottom: .0001pt; margin-bottom: 0cm; text-align: justify;\">\n<span style=\"font-family: &quot;Arial&quot;,&quot;sans-serif&quot;; font-size: 14.0pt; line-height: 150%;\">A lato to nie czas \u017ceby traci\u0107 g\u0142os!<\/span><\/div>\n<div class=\"MsoNormal\" style=\"line-height: 150%; margin-bottom: .0001pt; margin-bottom: 0cm; text-align: justify;\">\n<\/div>\n<div class=\"separator\" style=\"clear: both; text-align: center;\">\n<a href=\"http:\/\/www.swiattoli.pl\/wp-content\/uploads\/2019\/07\/66186319_10215883628975950_5922552029061840896_n.jpg\" imageanchor=\"1\" style=\"margin-left: 1em; margin-right: 1em;\"><img loading=\"lazy\" border=\"0\" data-original-height=\"620\" data-original-width=\"712\" height=\"556\" src=\"http:\/\/www.swiattoli.pl\/wp-content\/uploads\/2019\/07\/66186319_10215883628975950_5922552029061840896_n.jpg\" width=\"640\" \/><\/a><\/div>\n<div class=\"MsoNormal\" style=\"line-height: 150%; margin-bottom: .0001pt; margin-bottom: 0cm; text-align: justify;\">\n<span style=\"font-family: &quot;Arial&quot;,&quot;sans-serif&quot;; font-size: 14.0pt; line-height: 150%;\"><br \/><\/span><\/div>\n<div class=\"MsoNormal\" style=\"line-height: 150%; margin-bottom: .0001pt; margin-bottom: 0cm; text-align: justify;\">\n<span style=\"font-family: &quot;Arial&quot;,&quot;sans-serif&quot;; font-size: 14.0pt; line-height: 150%;\">Mi\u0119kkie pastylki Tantum Natura zawieraj\u0105<br \/>\npropolis. Te o smaku pomara\u0144czowo \u2013 miodowym wzbogacone s\u0105 witamin\u0105 C, a o<br \/>\nsmaku cytrynowo \u2013 miodowym o witamin\u0119 C i cynk (ZN), kt\u00f3re wspomagaj\u0105 prawid\u0142owe<br \/>\nfunkcjonowanie uk\u0142adu odporno\u015bciowego.<\/span><\/div>\n<div class=\"MsoNormal\" style=\"line-height: 150%; margin-bottom: .0001pt; margin-bottom: 0cm; text-align: justify;\">\n<\/div>\n<div class=\"separator\" style=\"clear: both; text-align: center;\">\n<a href=\"http:\/\/www.swiattoli.pl\/wp-content\/uploads\/2019\/07\/66778277_10215883629335959_4248838230549463040_n.jpg\" imageanchor=\"1\" style=\"margin-left: 1em; margin-right: 1em;\"><img loading=\"lazy\" border=\"0\" data-original-height=\"600\" data-original-width=\"800\" height=\"480\" src=\"http:\/\/www.swiattoli.pl\/wp-content\/uploads\/2019\/07\/66778277_10215883629335959_4248838230549463040_n.jpg\" width=\"640\" \/><\/a><\/div>\n<div class=\"MsoNormal\" style=\"line-height: 150%; margin-bottom: .0001pt; margin-bottom: 0cm; text-align: justify;\">\n<span style=\"font-family: &quot;Arial&quot;,&quot;sans-serif&quot;; font-size: 14.0pt; line-height: 150%;\"><br \/><\/span><\/div>\n<div class=\"MsoNormal\" style=\"line-height: 150%; margin-bottom: .0001pt; margin-bottom: 0cm; text-align: justify;\">\n<span style=\"font-family: &quot;Arial&quot;,&quot;sans-serif&quot;; font-size: 14.0pt; line-height: 150%;\">Co wyr\u00f3\u017cnia mark\u0119 Tantum Natura?<\/span><\/div>\n<div class=\"MsoNormal\" style=\"line-height: 150%; margin-bottom: .0001pt; margin-bottom: 0cm; text-align: justify;\">\n<span style=\"font-family: &quot;Arial&quot;,&quot;sans-serif&quot;; font-size: 14.0pt; line-height: 150%;\">&#8211; bezpiecze\u0144stwo,<\/span><\/div>\n<div class=\"MsoNormal\" style=\"line-height: 150%; margin-bottom: .0001pt; margin-bottom: 0cm; text-align: justify;\">\n<span style=\"font-family: &quot;Arial&quot;,&quot;sans-serif&quot;; font-size: 14.0pt; line-height: 150%;\">&#8211; unikalny sk\u0142ad,<\/span><\/div>\n<div class=\"MsoNormal\" style=\"line-height: 150%; margin-bottom: .0001pt; margin-bottom: 0cm; text-align: justify;\">\n<span style=\"font-family: &quot;Arial&quot;,&quot;sans-serif&quot;; font-size: 14.0pt; line-height: 150%;\">&#8211; dwa pyszne smaki pomara\u0144czowo \u2013 miodowy i<br \/>\ncytrynowo \u2013 miodowy,<\/span><\/div>\n<div class=\"MsoNormal\" style=\"line-height: 150%; margin-bottom: .0001pt; margin-bottom: 0cm; text-align: justify;\">\n<span style=\"font-family: &quot;Arial&quot;,&quot;sans-serif&quot;; font-size: 14.0pt; line-height: 150%;\">&#8211; ukojenie w dolegliwo\u015bciach zwi\u0105zanych z sucho\u015bci\u0105<br \/>\ngard\u0142a,<\/span><\/div>\n<div class=\"MsoNormal\" style=\"line-height: 150%; margin-bottom: .0001pt; margin-bottom: 0cm; text-align: justify;\">\n<span style=\"font-family: &quot;Arial&quot;,&quot;sans-serif&quot;; font-size: 14.0pt; line-height: 150%;\">&#8211; Gwarancja Angelini.<\/span><\/div>\n<div class=\"MsoNormal\" style=\"line-height: 150%; margin-bottom: .0001pt; margin-bottom: 0cm; text-align: justify;\">\n<\/div>\n<div class=\"MsoNormal\" style=\"line-height: 150%; margin-bottom: .0001pt; margin-bottom: 0cm; text-align: justify;\">\n<span style=\"font-family: &quot;Arial&quot;,&quot;sans-serif&quot;; font-size: 14.0pt; line-height: 150%;\">Wracaj\u0105c do smaku to polecam. Jestem wybredna<br \/>\ni nie przepadam za tabletkami do ssania,<span style=\"mso-spacerun: yes;\">&nbsp;<br \/>\n<\/span>zwykle maj\u0105 nieprzyjemny smak, a te jak najbardziej przypad\u0142y mi do<br \/>\ngustu i nie szukam wykr\u0119t\u00f3w, aby je zastosowa\u0107. Dzia\u0142aj\u0105 rzeczywi\u015bcie \u0142agodz\u0105co<br \/>\nna gard\u0142o, u\u015bmierzaj\u0105 b\u00f3l i eliminuj\u0105 chrypk\u0119. Co jest dla mnie r\u00f3wnie\u017c istotne,<br \/>\nto fakt, \u017ce maj\u0105 \u017celow\u0105 formu\u0142\u0119. Nie wiem czy Wam si\u0119 zdarza, ale mnie tak, \u017ce<br \/>\ngdy ss\u0119 tabletki twarde, to cz\u0119sto rani\u0105 moje podniebienie. Pastylki marki<br \/>\nTantum Natura nie wywo\u0142uj\u0105 \u017cadnych podra\u017cnie\u0144 b\u0142ony \u015bluzowej jamy ustnej.<\/span><\/div>\n<div class=\"MsoNormal\" style=\"line-height: 150%; margin-bottom: .0001pt; margin-bottom: 0cm; text-align: justify;\">\n<span style=\"font-family: &quot;Arial&quot;,&quot;sans-serif&quot;; font-size: 14.0pt; line-height: 150%;\"><br \/><\/span><\/div>\n<div class=\"separator\" style=\"clear: both; text-align: center;\">\n<a href=\"http:\/\/www.swiattoli.pl\/wp-content\/uploads\/2019\/07\/66656608_10215883627335909_3030775841727447040_n.jpg\" imageanchor=\"1\" style=\"margin-left: 1em; margin-right: 1em;\"><img loading=\"lazy\" border=\"0\" data-original-height=\"596\" data-original-width=\"765\" height=\"498\" src=\"http:\/\/www.swiattoli.pl\/wp-content\/uploads\/2019\/07\/66656608_10215883627335909_3030775841727447040_n.jpg\" width=\"640\" \/><\/a><\/div>\n<div class=\"MsoNormal\" style=\"line-height: 150%; margin-bottom: .0001pt; margin-bottom: 0cm; text-align: justify;\">\n<\/div>\n<div class=\"MsoNormal\" style=\"line-height: 150%; margin-bottom: .0001pt; margin-bottom: 0cm; text-align: justify;\">\n<span style=\"font-family: &quot;Arial&quot;,&quot;sans-serif&quot;; font-size: 14.0pt; line-height: 150%;\">POLECAM!!!<\/span><\/div>\n<div class=\"MsoNormal\" style=\"line-height: 150%; margin-bottom: .0001pt; margin-bottom: 0cm; text-align: justify;\">\n<\/div>\n<div class=\"MsoNormal\" style=\"line-height: 150%; margin-bottom: .0001pt; margin-bottom: 0cm; text-align: justify;\">\n<span style=\"font-family: &quot;Arial&quot;,&quot;sans-serif&quot;; font-size: 14.0pt; line-height: 150%;\">#TANTUMNATURA&nbsp;<\/span><\/div>\n<div class=\"MsoNormal\" style=\"line-height: 150%; margin-bottom: .0001pt; margin-bottom: 0cm; text-align: justify;\">\n<span style=\"font-family: &quot;Arial&quot;,&quot;sans-serif&quot;; font-size: 14.0pt; line-height: 150%;\">#LATOBEZCHRYPY&nbsp;<\/span><\/div>\n<div class=\"MsoNormal\" style=\"line-height: 150%; margin-bottom: .0001pt; margin-bottom: 0cm; text-align: justify;\">\n<span style=\"font-family: &quot;Arial&quot;,&quot;sans-serif&quot;; font-size: 14.0pt; line-height: 150%;\">#MOJEWAKACJEZTANTUMNATURA<\/span><\/div>\n","protected":false},"excerpt":{"rendered":"<p>Ostatnio &nbsp;wesz\u0142am w posiadanie pastylek do ssania w przypadku chrypy marki Tantum Natura. Pomy\u015bla\u0142am, poczekaj\u0105 na ch\u0142odniejsze dni, to je przetestuj\u0119, bo latem to raczej chrypka mi nie grozi. Myli\u0142am si\u0119. Zmiany pogody i du\u017cy spadek temperatury sprawi\u0142y, \u017ce chrypka pojawi\u0142a si\u0119 nieoczekiwanie. Uzna\u0142am, \u017ce to&nbsp; \u015bwietny moment na sprawdzenie wy\u017cej wspomnianych pastylek. By\u0142 to &hellip;<\/p>\n","protected":false},"author":2,"featured_media":0,"comment_status":"open","ping_status":"open","sticky":false,"template":"","format":"standard","meta":[],"categories":[2,9,4,1],"tags":[],"_links":{"self":[{"href":"http:\/\/www.swiattoli.pl\/index.php?rest_route=\/wp\/v2\/posts\/114"}],"collection":[{"href":"http:\/\/www.swiattoli.pl\/index.php?rest_route=\/wp\/v2\/posts"}],"about":[{"href":"http:\/\/www.swiattoli.pl\/index.php?rest_route=\/wp\/v2\/types\/post"}],"author":[{"embeddable":true,"href":"http:\/\/www.swiattoli.pl\/index.php?rest_route=\/wp\/v2\/users\/2"}],"replies":[{"embeddable":true,"href":"http:\/\/www.swiattoli.pl\/index.php?rest_route=%2Fwp%2Fv2%2Fcomments&post=114"}],"version-history":[{"count":1,"href":"http:\/\/www.swiattoli.pl\/index.php?rest_route=\/wp\/v2\/posts\/114\/revisions"}],"predecessor-version":[{"id":4014,"href":"http:\/\/www.swiattoli.pl\/index.php?rest_route=\/wp\/v2\/posts\/114\/revisions\/4014"}],"wp:attachment":[{"href":"http:\/\/www.swiattoli.pl\/index.php?rest_route=%2Fwp%2Fv2%2Fmedia&parent=114"}],"wp:term":[{"taxonomy":"category","embeddable":true,"href":"http:\/\/www.swiattoli.pl\/index.php?rest_route=%2Fwp%2Fv2%2Fcategories&post=114"},{"taxonomy":"post_tag","embeddable":true,"href":"http:\/\/www.swiattoli.pl\/index.php?rest_route=%2Fwp%2Fv2%2Ftags&post=114"}],"curies":[{"name":"wp","href":"https:\/\/api.w.org\/{rel}","templated":true}]}}